{"id":25388,"date":"2017-11-24T00:22:50","date_gmt":"2017-11-24T02:22:50","guid":{"rendered":"http:\/\/www.sincomam.org.br\/?p=25388"},"modified":"2017-11-23T16:24:43","modified_gmt":"2017-11-23T18:24:43","slug":"dois-novos-navios-de-3800-teus-passam-a-integrar-a-frota-de-cabotagem-da-alianca-navegacao-e-logistica-este-mes","status":"publish","type":"post","link":"https:\/\/www.sincomam.org.br\/index.php\/dois-novos-navios-de-3800-teus-passam-a-integrar-a-frota-de-cabotagem-da-alianca-navegacao-e-logistica-este-mes\/","title":{"rendered":"Dois novos navios de 3800 TEUs passam a integrar a frota de cabotagem da Alian\u00e7a Navega\u00e7\u00e3o e Log\u00edstica este m\u00eas"},"content":{"rendered":"<p>A Alian\u00e7a Navega\u00e7\u00e3o e Log\u00edstica, l\u00edder em cabotagem no Brasil, anuncia mais um passo importante no processo de consolida\u00e7\u00e3o da cabotagem. A partir da segunda quinzena de novembro, a armadora contar\u00e1 com dois novos navios de bandeira brasileira da classe \u201cExploradores\u201d, com capacidade de 3,8 mil TEUs, que substituir\u00e3o as embarca\u00e7\u00f5es &#8220;Alian\u00e7a Manaus&#8221; e &#8220;Alian\u00e7a Santos&#8221; de 2,5 mil TEUs.<\/p>\n<p>Ao mesmo tempo em que chegam os novos navios, a Alian\u00e7a ajustar\u00e1 a rota\u00e7\u00e3o dos servi\u00e7os, ampliando a cobertura com um n\u00famero maior de frequ\u00eancias entre o Sul, Sudeste e Nordeste do pa\u00eds.<\/p>\n<p>\u201cAs embarca\u00e7\u00f5es maiores e mais modernas permitir\u00e3o um incremento de capacidade semanal da ordem de 20%\u201d, afirma Marcus Voloch, gerente geral de Cabotagem e Mercosul da Alian\u00e7a Navega\u00e7\u00e3o e Log\u00edstica.<\/p>\n<p>O navio &#8220;Diego Garcia&#8221; fez sua viagem inaugural pelo Anel 1, no Porto de Itapo\u00e1 (SC), no dia 19 de novembro, e ir\u00e1 at\u00e9 Manaus (AM). J\u00e1 o &#8220;Jo\u00e3o de Sol\u00eds&#8221; entrar\u00e1 em opera\u00e7\u00e3o no dia 26 de novembro (domingo), pelo Novo Anel 2, que ter\u00e1 seu escopo expandido, incluindo Rio Grande do Sul e Bahia na rota\u00e7\u00e3o. O &#8220;Jo\u00e3o de Sol\u00eds&#8221; far\u00e1 o circuito de Rio Grande (RS) a Pec\u00e9m (CE). As duas embarca\u00e7\u00f5es foram constru\u00eddas no estaleiro Jiangsu Yangzijiang, que fica em Zhangjiagang, na China, e receberam investimentos totais de US$ 85 milh\u00f5es.<\/p>\n<p>Segundo Marcus Voloch, a iniciativa refor\u00e7a o potencial de crescimento do modal mar\u00edtimo no Brasil. De janeiro a setembro de 2017, o setor de cabotagem como um todo cresceu 11% em rela\u00e7\u00e3o ao mesmo per\u00edodo de 2016, ao passo que a Alian\u00e7a registrou crescimento acima do mercado.<\/p>\n<p>O servi\u00e7o feeder, complementar \u00e0 cabotagem, registou taxa de crescimento pr\u00f3xima a 10%.<\/p>\n<p>\u201cTemos uma grande oportunidade de crescimento da cabotagem em 2018. Uma das grandes apostas da Alian\u00e7a est\u00e1 na movimenta\u00e7\u00e3o de carga refrigerada, onde esperamos crescer 30% no pr\u00f3ximo ano, j\u00e1 que cada um dos novos navios conta com mil tomadas para cont\u00eaineres reefer\u201d, ressalta Voloch.<\/p>\n<p>Em 2017, os setores que mais cresceram na cabotagem foram alimentos e bebidas, qu\u00edmicos e resinas, higiene e limpeza, papel e materiais de constru\u00e7\u00e3o.<\/p>\n","protected":false},"excerpt":{"rendered":"<p>A Alian\u00e7a Navega\u00e7\u00e3o e Log\u00edstica, l\u00edder em cabotagem no Brasil, anuncia mais um passo importante no processo de consolida\u00e7\u00e3o da cabotagem. A partir da segunda&#8230;<\/p>\n","protected":false},"author":1182,"featured_media":7218,"comment_status":"closed","ping_status":"closed","sticky":false,"template":"","format":"standard","meta":{"footnotes":""},"categories":[6],"tags":[],"class_list":["post-25388","post","type-post","status-publish","format-standard","has-post-thumbnail","hentry","category-noticias"],"_links":{"self":[{"href":"https:\/\/www.sincomam.org.br\/index.php\/wp-json\/wp\/v2\/posts\/25388","targetHints":{"allow":["GET"]}}],"collection":[{"href":"https:\/\/www.sincomam.org.br\/index.php\/wp-json\/wp\/v2\/posts"}],"about":[{"href":"https:\/\/www.sincomam.org.br\/index.php\/wp-json\/wp\/v2\/types\/post"}],"author":[{"embeddable":true,"href":"https:\/\/www.sincomam.org.br\/index.php\/wp-json\/wp\/v2\/users\/1182"}],"replies":[{"embeddable":true,"href":"https:\/\/www.sincomam.org.br\/index.php\/wp-json\/wp\/v2\/comments?post=25388"}],"version-history":[{"count":1,"href":"https:\/\/www.sincomam.org.br\/index.php\/wp-json\/wp\/v2\/posts\/25388\/revisions"}],"predecessor-version":[{"id":25389,"href":"https:\/\/www.sincomam.org.br\/index.php\/wp-json\/wp\/v2\/posts\/25388\/revisions\/25389"}],"wp:featuredmedia":[{"embeddable":true,"href":"https:\/\/www.sincomam.org.br\/index.php\/wp-json\/wp\/v2\/media\/7218"}],"wp:attachment":[{"href":"https:\/\/www.sincomam.org.br\/index.php\/wp-json\/wp\/v2\/media?parent=25388"}],"wp:term":[{"taxonomy":"category","embeddable":true,"href":"https:\/\/www.sincomam.org.br\/index.php\/wp-json\/wp\/v2\/categories?post=25388"},{"taxonomy":"post_tag","embeddable":true,"href":"https:\/\/www.sincomam.org.br\/index.php\/wp-json\/wp\/v2\/tags?post=25388"}],"curies":[{"name":"wp","href":"https:\/\/api.w.org\/{rel}","templated":true}]}}