{"id":25378,"date":"2017-11-23T00:45:50","date_gmt":"2017-11-23T02:45:50","guid":{"rendered":"http:\/\/sincomam.org.br\/?p=25378"},"modified":"2017-11-20T15:46:33","modified_gmt":"2017-11-20T17:46:33","slug":"safra-de-graos-pode-sofrer-queda-de-9-em-2018-no-pais","status":"publish","type":"post","link":"https:\/\/www.sincomam.org.br\/index.php\/safra-de-graos-pode-sofrer-queda-de-9-em-2018-no-pais\/","title":{"rendered":"Safra de gr\u00e3os pode sofrer queda de 9% em 2018 no pa\u00eds"},"content":{"rendered":"<p>Seca. Chuva m\u00e1 distribu\u00edda. Pre\u00e7os ruins. Plantio atrasado. Esse pacote de problemas deve derrubar a safra de gr\u00e3os de 2018 no pa\u00eds, frustrando as expectativas de um novo recorde na produ\u00e7\u00e3o.<\/p>\n<p>Ap\u00f3s ter alcan\u00e7ado 241,6 milh\u00f5es de toneladas na safra 2017, a primeira estimativa do IBGE (Instituto Brasileiro de Geografia e Estat\u00edstica) para o ano que vem, referente a outubro, indica que a pr\u00f3xima safra atingir\u00e1 220,2 milh\u00f5es de toneladas, ou 8,9% a menos. Milho \u00e9 a cultura mais atingida e produtores estimam que 30% da segunda safra ser\u00e1 plantada fora da janela ideal, ampliando a chance de problemas.<\/p>\n<p>De acordo com o IBGE, a queda \u00e9 atribu\u00edda \u00e0 falta de chuvas e tamb\u00e9m \u00e0 m\u00e1 distribui\u00e7\u00e3o delas, diferentemente do que ocorreu na safra 2017. &#8220;O clima neste ano n\u00e3o est\u00e1 igual ao do ano anterior. O plantio est\u00e1 atrasado em algumas regi\u00f5es e estimamos que as condi\u00e7\u00f5es clim\u00e1ticas em 2018 n\u00e3o sejam t\u00e3o boas como as deste ano&#8221;, disse Carlos Alfredo Guedes, gerente de agricultura do IBGE.<\/p>\n<p>Al\u00e9m da quest\u00e3o clim\u00e1tica, no fim do ano passado \u2013quando foi plantada a safra deste ano\u2013 os pre\u00e7os do milho estavam bons, e a \u00e1rea destinada \u00e0 produ\u00e7\u00e3o da primeira safra cresceu, ao contr\u00e1rio do que ocorre neste ano, com pre\u00e7os baixos e consequente redu\u00e7\u00e3o de \u00e1rea.<\/p>\n<p>Com a falta de chuvas, o plantio foi atrasado, o que retardar\u00e1 tamb\u00e9m o milho de segunda safra, que ser\u00e1 plantado num per\u00edodo menos prop\u00edcio e com mais chances de enfrentar problemas clim\u00e1ticos e de produtividade.<\/p>\n<p>Fonte: Folha SP<\/p>\n<div class=\"jwDisqusForm\"><\/div>\n","protected":false},"excerpt":{"rendered":"<p>Seca. Chuva m\u00e1 distribu\u00edda. Pre\u00e7os ruins. Plantio atrasado. Esse pacote de problemas deve derrubar a safra de gr\u00e3os de 2018 no pa\u00eds, frustrando as expectativas&#8230;<\/p>\n","protected":false},"author":1182,"featured_media":21844,"comment_status":"closed","ping_status":"closed","sticky":false,"template":"","format":"standard","meta":{"footnotes":""},"categories":[6],"tags":[],"class_list":["post-25378","post","type-post","status-publish","format-standard","has-post-thumbnail","hentry","category-noticias"],"_links":{"self":[{"href":"https:\/\/www.sincomam.org.br\/index.php\/wp-json\/wp\/v2\/posts\/25378","targetHints":{"allow":["GET"]}}],"collection":[{"href":"https:\/\/www.sincomam.org.br\/index.php\/wp-json\/wp\/v2\/posts"}],"about":[{"href":"https:\/\/www.sincomam.org.br\/index.php\/wp-json\/wp\/v2\/types\/post"}],"author":[{"embeddable":true,"href":"https:\/\/www.sincomam.org.br\/index.php\/wp-json\/wp\/v2\/users\/1182"}],"replies":[{"embeddable":true,"href":"https:\/\/www.sincomam.org.br\/index.php\/wp-json\/wp\/v2\/comments?post=25378"}],"version-history":[{"count":1,"href":"https:\/\/www.sincomam.org.br\/index.php\/wp-json\/wp\/v2\/posts\/25378\/revisions"}],"predecessor-version":[{"id":25379,"href":"https:\/\/www.sincomam.org.br\/index.php\/wp-json\/wp\/v2\/posts\/25378\/revisions\/25379"}],"wp:featuredmedia":[{"embeddable":true,"href":"https:\/\/www.sincomam.org.br\/index.php\/wp-json\/wp\/v2\/media\/21844"}],"wp:attachment":[{"href":"https:\/\/www.sincomam.org.br\/index.php\/wp-json\/wp\/v2\/media?parent=25378"}],"wp:term":[{"taxonomy":"category","embeddable":true,"href":"https:\/\/www.sincomam.org.br\/index.php\/wp-json\/wp\/v2\/categories?post=25378"},{"taxonomy":"post_tag","embeddable":true,"href":"https:\/\/www.sincomam.org.br\/index.php\/wp-json\/wp\/v2\/tags?post=25378"}],"curies":[{"name":"wp","href":"https:\/\/api.w.org\/{rel}","templated":true}]}}