{"id":25366,"date":"2017-11-22T00:35:40","date_gmt":"2017-11-22T02:35:40","guid":{"rendered":"http:\/\/sincomam.org.br\/?p=25366"},"modified":"2017-11-20T15:37:47","modified_gmt":"2017-11-20T17:37:47","slug":"ministro-do-stf-mantem-75-de-vinculados-no-porto-de-santos","status":"publish","type":"post","link":"https:\/\/www.sincomam.org.br\/index.php\/ministro-do-stf-mantem-75-de-vinculados-no-porto-de-santos\/","title":{"rendered":"Ministro do STF mant\u00e9m 75% de vinculados no Porto de Santos"},"content":{"rendered":"<p>Em mais uma decis\u00e3o na batalha jur\u00eddica entre estiva e terminais de cont\u00eaineres do Porto de Santos, o ministro do Supremo Tribunal Federal (STF) Lu\u00eds Roberto Barroso negou recurso do Sindicato dos Estivadores de Santos e Regi\u00e3o (Sindestiva) e manteve a escala\u00e7\u00e3o de 75% de vinculados nas opera\u00e7\u00f5es.<\/p>\n<p>A briga come\u00e7ou em 2015, quando o Tribunal Superior do Trabalho (TST) derrubou a paridade de avulsos e vinculados e estipulou um cronograma para utiliza\u00e7\u00e3o cada vez maior de trabalhadores pr\u00f3prios nas empresas.<\/p>\n<p>Os estivadores defendem que haja 50% de convocados via \u00d3rg\u00e3o Gestor de M\u00e3o de Obra (Ogmo) e 50% de contratados dos terminais, conforme interpretam do que est\u00e1 na Lei dos Portos.<\/p>\n<p>Recentemente, no TST, a estiva chegou a obter pareceres favor\u00e1veis do vice-ministro da Corte, Emmanoel Pereira, posteriormente derrubados por decis\u00f5es do presidente do Tribunal, Ives Gandra Martins Filho.<\/p>\n<p><strong>Recurso<\/strong><\/p>\n<p>O assunto chegou ao STF e Barroso, que \u00e9 relator do caso, negou recurso dos estivadores e garantiu a aplica\u00e7\u00e3o do ac\u00f3rd\u00e3o de 2015. Com isso, as empresas est\u00e3o liberadas para a utiliza\u00e7\u00e3o de 75% de vinculados nas opera\u00e7\u00f5es de cont\u00eaineres at\u00e9 28 de fevereiro de 2019, quando, se nada mudar at\u00e9 l\u00e1, poder\u00e3o empregar s\u00f3 m\u00e3o de obra pr\u00f3pria.<\/p>\n<p>Considerando que perdeu uma batalha, mas n\u00e3o a guerra, o Sindestiva j\u00e1 informou que ir\u00e1 recorrer para que a pendenga seja analisada tamb\u00e9m pelos demais ministros do STF.<\/p>\n<p>\u201cN\u00f3s vamos lutar e resistir contra qualquer imposi\u00e7\u00e3o da classe patronal. Se acham que v\u00e3o impor o exterm\u00ednio do trabalhador avulso, n\u00e3o v\u00e3o conseguir\u201d, declarou o presidente do Sindestiva, Rodnei Oliveira da Silva.<\/p>\n<p>Por meio de nota, a C\u00e2mara de Cont\u00eaineres do Sindicato dos Operadores Portu\u00e1rios do Estado de S\u00e3o Paulo (Sopesp) disse entender que a estabilidade jur\u00eddica ficar\u00e1 fortalecida com a decis\u00e3o no Supremo Tribunal Federal.<\/p>\n<p>\u201cO respeito aos preceitos legais pacifica a conviv\u00eancia social e beneficia os trabalhadores que, em sua maioria, sabem respeitar a legalidade e defendem a maturidade nas rela\u00e7\u00f5es com as empresas que investem e realizam opera\u00e7\u00f5es de cont\u00eaineres\u201d.<\/p>\n<p>Fonte: A Tribuna<\/p>\n","protected":false},"excerpt":{"rendered":"<p>Em mais uma decis\u00e3o na batalha jur\u00eddica entre estiva e terminais de cont\u00eaineres do Porto de Santos, o ministro do Supremo Tribunal Federal (STF) Lu\u00eds&#8230;<\/p>\n","protected":false},"author":1182,"featured_media":18331,"comment_status":"closed","ping_status":"closed","sticky":false,"template":"","format":"standard","meta":{"footnotes":""},"categories":[6],"tags":[],"class_list":["post-25366","post","type-post","status-publish","format-standard","has-post-thumbnail","hentry","category-noticias"],"_links":{"self":[{"href":"https:\/\/www.sincomam.org.br\/index.php\/wp-json\/wp\/v2\/posts\/25366","targetHints":{"allow":["GET"]}}],"collection":[{"href":"https:\/\/www.sincomam.org.br\/index.php\/wp-json\/wp\/v2\/posts"}],"about":[{"href":"https:\/\/www.sincomam.org.br\/index.php\/wp-json\/wp\/v2\/types\/post"}],"author":[{"embeddable":true,"href":"https:\/\/www.sincomam.org.br\/index.php\/wp-json\/wp\/v2\/users\/1182"}],"replies":[{"embeddable":true,"href":"https:\/\/www.sincomam.org.br\/index.php\/wp-json\/wp\/v2\/comments?post=25366"}],"version-history":[{"count":1,"href":"https:\/\/www.sincomam.org.br\/index.php\/wp-json\/wp\/v2\/posts\/25366\/revisions"}],"predecessor-version":[{"id":25367,"href":"https:\/\/www.sincomam.org.br\/index.php\/wp-json\/wp\/v2\/posts\/25366\/revisions\/25367"}],"wp:featuredmedia":[{"embeddable":true,"href":"https:\/\/www.sincomam.org.br\/index.php\/wp-json\/wp\/v2\/media\/18331"}],"wp:attachment":[{"href":"https:\/\/www.sincomam.org.br\/index.php\/wp-json\/wp\/v2\/media?parent=25366"}],"wp:term":[{"taxonomy":"category","embeddable":true,"href":"https:\/\/www.sincomam.org.br\/index.php\/wp-json\/wp\/v2\/categories?post=25366"},{"taxonomy":"post_tag","embeddable":true,"href":"https:\/\/www.sincomam.org.br\/index.php\/wp-json\/wp\/v2\/tags?post=25366"}],"curies":[{"name":"wp","href":"https:\/\/api.w.org\/{rel}","templated":true}]}}