{"id":25360,"date":"2017-11-22T00:23:50","date_gmt":"2017-11-22T02:23:50","guid":{"rendered":"http:\/\/sincomam.org.br\/?p=25360"},"modified":"2017-11-20T15:30:16","modified_gmt":"2017-11-20T17:30:16","slug":"maia-quer-votar-reforma-da-previdencia-no-dia-6","status":"publish","type":"post","link":"https:\/\/www.sincomam.org.br\/index.php\/maia-quer-votar-reforma-da-previdencia-no-dia-6\/","title":{"rendered":"Maia quer votar reforma da Previd\u00eancia no dia 6"},"content":{"rendered":"<p>O governo e o presidente da C\u00e2mara, Rodrigo Maia (DEM-RJ), chegaram a um acordo para tentar votar a reforma da Previd\u00eancia no plen\u00e1rio da Casa na primeira semana de dezembro. O calend\u00e1rio foi discutido em duas reuni\u00f5es na resid\u00eancia de Maia em Bras\u00edlia, ontem, um dia ap\u00f3s o presidente Michel Temer decidir nomear o deputado Alexandre Baldy (sem partido-GO), um dos principais aliados do parlamentar fluminense, para o Minist\u00e9rio das Cidades.<\/p>\n<p>Maia recebeu inicialmente Temer, ministros da \u00e1rea pol\u00edtica e l\u00edderes da base aliada em almo\u00e7o que se estendeu at\u00e9 o fim da tarde. Em seguida, foi a vez do ministro da Fazenda, Henrique Meirelles, se reunir por 40 minutos com o presidente da C\u00e2mara para discutir a vota\u00e7\u00e3o da Previd\u00eancia e outros projetos da agenda econ\u00f4mica, entre eles, o que altera as regras do Cadastro Positivo. \u201cO Rodrigo sugeriu votarmos a Previd\u00eancia na primeira semana de dezembro, provavelmente no dia 6\u201d, afirmou ao Estad\u00e3o\/Broadcast o l\u00edder do PMDB na C\u00e2mara, Baleia Rossi (SP), um dos presentes no almo\u00e7o. Como a reforma est\u00e1 sendo analisada por meio de uma Proposta de Emenda \u00e0 Constitui\u00e7\u00e3o (PEC), ela precisa passar por duas vota\u00e7\u00f5es no plen\u00e1rio da C\u00e2mara e, para ser aprovada, tem de ter votos de pelo menos 308 dos 513 deputados.<\/p>\n<p>De acordo com Rossi, o texto final da reforma ser\u00e1 discutido em jantar de Temer com parlamentares da base aliada, no dia 22, no Pal\u00e1cio do Alvorada, resid\u00eancia oficial da Presid\u00eancia. Antes disso, nesta ter\u00e7a-feira Maia deve fazer uma reuni\u00e3o apenas com os l\u00edderes de partidos da base aliada para discutir que pontos do texto da reforma dever\u00e3o permanecer ou n\u00e3o.<\/p>\n<p>Embora sem votos ainda para aprovar as mudan\u00e7as na Previd\u00eancia, a avalia\u00e7\u00e3o nas reuni\u00f5es foi de que o ambiente melhorou com as articula\u00e7\u00f5es para a reforma ministerial. As mudan\u00e7as prestigiaram principalmente Maia, entre elas, a escolha de Baldy para Cidades, que tamb\u00e9m contou com apoio do PMDB e de partidos do chamado Centr\u00e3o. Meirelles voltou a enfatizar no encontro a necessidade de que a proposta n\u00e3o seja desfigurada a ponto do ganho nas contas p\u00fablicas ficar muito reduzido. O ministro quer manter uma economia acima de 50% daquela que se esperava com a proposta original. Mas os servidores fazem grande press\u00e3o para n\u00e3o serem alcan\u00e7ados com as mudan\u00e7as, que podem ser reduzidas praticamente \u00e0 fixa\u00e7\u00e3o de uma idade m\u00ednima para aposentadoria e regras de transi\u00e7\u00e3o.AO relator, deputado Arthur Oliveira Maia (PPS-BA), em viagem oficial \u00e0 Alemanha, vai apresentar esta semana uma proposta de emenda aglutinativa ao seu substitutivo j\u00e1 aprovado na comiss\u00e3o especial.<\/p>\n<p>As informa\u00e7\u00f5es s\u00e3o do jornal<span>\u00a0<\/span>O Estado de S. Paulo.<\/p>\n","protected":false},"excerpt":{"rendered":"<p>O governo e o presidente da C\u00e2mara, Rodrigo Maia (DEM-RJ), chegaram a um acordo para tentar votar a reforma da Previd\u00eancia no plen\u00e1rio da Casa&#8230;<\/p>\n","protected":false},"author":1182,"featured_media":18377,"comment_status":"closed","ping_status":"closed","sticky":false,"template":"","format":"standard","meta":{"footnotes":""},"categories":[6],"tags":[],"class_list":["post-25360","post","type-post","status-publish","format-standard","has-post-thumbnail","hentry","category-noticias"],"_links":{"self":[{"href":"https:\/\/www.sincomam.org.br\/index.php\/wp-json\/wp\/v2\/posts\/25360","targetHints":{"allow":["GET"]}}],"collection":[{"href":"https:\/\/www.sincomam.org.br\/index.php\/wp-json\/wp\/v2\/posts"}],"about":[{"href":"https:\/\/www.sincomam.org.br\/index.php\/wp-json\/wp\/v2\/types\/post"}],"author":[{"embeddable":true,"href":"https:\/\/www.sincomam.org.br\/index.php\/wp-json\/wp\/v2\/users\/1182"}],"replies":[{"embeddable":true,"href":"https:\/\/www.sincomam.org.br\/index.php\/wp-json\/wp\/v2\/comments?post=25360"}],"version-history":[{"count":1,"href":"https:\/\/www.sincomam.org.br\/index.php\/wp-json\/wp\/v2\/posts\/25360\/revisions"}],"predecessor-version":[{"id":25361,"href":"https:\/\/www.sincomam.org.br\/index.php\/wp-json\/wp\/v2\/posts\/25360\/revisions\/25361"}],"wp:featuredmedia":[{"embeddable":true,"href":"https:\/\/www.sincomam.org.br\/index.php\/wp-json\/wp\/v2\/media\/18377"}],"wp:attachment":[{"href":"https:\/\/www.sincomam.org.br\/index.php\/wp-json\/wp\/v2\/media?parent=25360"}],"wp:term":[{"taxonomy":"category","embeddable":true,"href":"https:\/\/www.sincomam.org.br\/index.php\/wp-json\/wp\/v2\/categories?post=25360"},{"taxonomy":"post_tag","embeddable":true,"href":"https:\/\/www.sincomam.org.br\/index.php\/wp-json\/wp\/v2\/tags?post=25360"}],"curies":[{"name":"wp","href":"https:\/\/api.w.org\/{rel}","templated":true}]}}