{"id":25350,"date":"2017-11-21T00:00:22","date_gmt":"2017-11-21T02:00:22","guid":{"rendered":"http:\/\/sincomam.org.br\/?p=25350"},"modified":"2017-11-20T15:13:48","modified_gmt":"2017-11-20T17:13:48","slug":"segovia-diz-que-lava-jato-sera-prioridade","status":"publish","type":"post","link":"https:\/\/www.sincomam.org.br\/index.php\/segovia-diz-que-lava-jato-sera-prioridade\/","title":{"rendered":"Segovia diz que Lava Jato ser\u00e1 prioridade"},"content":{"rendered":"<p>O novo diretor-geral da Pol\u00edcia Federal, Fernando Segovia, disse nesta segunda-feira (20) que buscar\u00e1 o \u201ccombate incans\u00e1vel \u00e0 corrup\u00e7\u00e3o\u201d \u00e0 frente do cargo, afirmou que a Lava Jato continuar\u00e1 sendo a agenda priorit\u00e1ria da corpora\u00e7\u00e3o e criticou a disputa institucional de poder entre a PF e o Minist\u00e9rio P\u00fablico Federal que, na sua vis\u00e3o, apenas beneficia o crime organizado.<\/p>\n<p>Segovia participou na manh\u00e3 desta segunda-feira da cerim\u00f4nia de transmiss\u00e3o de cargo, no sal\u00e3o negro do Minist\u00e9rio da Justi\u00e7a. Prestigiaram a solenidade o presidente Michel Temer, o presidente do Senado, Eun\u00edcio Oliveira (PMDB-CE), e o vice-presidente do Supremo Tribunal Federal (STF), ministro Dias Toffoli.<\/p>\n<p>\u201cNesse vendaval de d\u00favidas e questionamentos quanto ao futuro da Pol\u00edcia Federal, gostaria de reafirmar que a minha postura, como tradi\u00e7\u00e3o, \u00e9 de obedecer sempre e estritamente \u00e0s leis e \u00e0 Constitui\u00e7\u00e3o, respeitando os direitos humanos e ao mesmo tempo a independ\u00eancia no cumprimento do meu dever\u201d, discursou Segovia.<\/p>\n<p>O novo diretor-geral da PF disse ter consci\u00eancia de estar \u201ccom os p\u00e9s no ch\u00e3o\u201d diante dos desafios impostos ao cargo e defendeu a unidade dentro da corpora\u00e7\u00e3o.<\/p>\n<p>\u201c\u00c9 nesse esp\u00edrito de equipe, todos unidos, que buscaremos o combate incans\u00e1vel \u00e0 corrup\u00e7\u00e3o no Brasil, que continuar\u00e1 sendo a agenda priorit\u00e1ria da Pol\u00edcia Federal, tendo como premissa a continuidade de opera\u00e7\u00f5es especiais, tais como a Lava Jato, Cui Bono, Cadeia Velha, Lama Asf\u00e1ltica e tantas outras em andamento nos inqu\u00e9ritos que tramitam no Supremo Tribunal e nas varas da Justi\u00e7a\u201d, ressaltou Segovia.<\/p>\n<p>Segovia prometeu combater com o mesmo rigor o crime organizado em suas diversas modalidades, especialmente o tr\u00e1fico de entorpecentes e de armas. Tamb\u00e9m afirmou que a PF trabalhar\u00e1 com isen\u00e7\u00e3o para garantir a lisura das elei\u00e7\u00f5es de 2018.<\/p>\n<p>\u201cNecessitaremos cada vez mais de uma Pol\u00edcia Federal forte, una e indivis\u00edvel, com todos os seus servidores, formando um time harm\u00f4nico, extremamente profissional. Hoje somos mais de 11 mil her\u00f3is an\u00f4nimos que trabalham dia e noite para garantir um Brasil melhor para todos\u201d, afirmou.<\/p>\n<p><b>Vaidade<\/b><\/p>\n<p>O novo diretor-geral da PF tamb\u00e9m destacou na solenidade que \u201ch\u00e1 hoje uma infeliz e triste situa\u00e7\u00e3o de uma disputa institucional de poder\u201d entre a Pol\u00edcia Federal e o Minist\u00e9rio P\u00fablico Federal (MPF).<\/p>\n<p>\u201cMas confio muito no esp\u00edrito de maturidade institucional e profissional dos membros dessas institui\u00e7\u00f5es, que neste momento t\u00eam a oportunidade de escrever um novo cap\u00edtulo em sua hist\u00f3ria, deixando de lado a vaidade e a sede de poder, buscando um equil\u00edbrio e entendimento em nossas a\u00e7\u00f5es em prol de toda a na\u00e7\u00e3o brasileira, pois o \u00fanico que se beneficia com essa disputa \u00e9 o crime organizado\u201d, comentou Segovia.<\/p>\n<p>A Procuradoria-Geral da Rep\u00fablica (PGR) prop\u00f4s no Supremo, em abril do ano passado, uma a\u00e7\u00e3o pedindo para que seja declarada a inconstitucionalidade do trecho da lei de organiza\u00e7\u00f5es criminosas que permite ao delegado de pol\u00edcia firmar acordos.<\/p>\n<p>O Minist\u00e9rio P\u00fablico Federal sustenta que o acordo pressup\u00f5e a participa\u00e7\u00e3o dos agentes que s\u00e3o parte no processo \u2013 o que engloba a institui\u00e7\u00e3o, mas n\u00e3o a Pol\u00edcia Federal. O argumento \u00e9 de que, como cabe ao MP fazer a den\u00fancia, s\u00f3 o pr\u00f3prio \u00f3rg\u00e3o pode negociar os efeitos da acusa\u00e7\u00e3o.<\/p>\n<p><b>Expectativa<\/b><\/p>\n<p>O imbr\u00f3glio emperra o andamento de dela\u00e7\u00f5es j\u00e1 firmadas pela PF, como a colabora\u00e7\u00e3o do operador do mensal\u00e3o Marcos Val\u00e9rio e do marqueteiro Duda Mendon\u00e7a, feitas sem a participa\u00e7\u00e3o do MPF.<\/p>\n<p>O acordo de Duda Mendon\u00e7a est\u00e1 no gabinete do ministro do STF Edson Fachin, relator da Lava Jato na Corte, que s\u00f3 deve deliberar o caso ap\u00f3s o plen\u00e1rio do Supremo decidir sobre o assunto.<\/p>\n<p>Em seu discurso, Segovia tamb\u00e9m agradeceu Temer e o ministro da Justi\u00e7a, Torquato Jardim, pela sua nomea\u00e7\u00e3o.<\/p>\n<p>\u201cQue Deus nos aben\u00e7oe a todos, nos proteja para buscarmos um Brasil sem corrup\u00e7\u00e3o e com justi\u00e7a a todos os cidad\u00e3os\u201d, afirmou o novo diretor-geral da PF. (Rafael Moraes Moura, Carla Ara\u00fajo e Fabio Serapi\u00e3o)<\/p>\n<div>\n<div class=\"addthis_sharing_toolbox\" data-url=\"https:\/\/www.istoedinheiro.com.br\/segovia-diz-que-lava-jato-sera-prioridade\/\" data-title=\"Segovia diz que Lava Jato ser\u00e1 prioridade - ISTO\u00c9 DINHEIRO\" data-description=\"O novo diretor-geral da Pol\u00edcia Federal, Fernando Segovia, disse nesta segunda-feira (20) que buscar\u00e1 o \u201ccombate incans\u00e1vel \u00e0 corrup\u00e7\u00e3o\u201d \u00e0 frente do cargo, afirmou que a Lava Jato continuar\u00e1 sendo a agenda priorit\u00e1ria da corpora\u00e7\u00e3o e criticou a disputa institucional de poder entre a PF e o Minist\u00e9rio P\u00fablico Federal que, na sua vis\u00e3o, apenas \u2026\">\n<div id=\"atstbx2\" class=\"at-resp-share-element at-style-responsive addthis-smartlayers addthis-animated at4-show\" aria-labelledby=\"at-0da2643a-7e47-45da-8311-289af07546f9\" role=\"region\"><span id=\"at-0da2643a-7e47-45da-8311-289af07546f9\" class=\"at4-visually-hidden\"><\/span><\/div>\n<\/div>\n<\/div>\n","protected":false},"excerpt":{"rendered":"<p>O novo diretor-geral da Pol\u00edcia Federal, Fernando Segovia, disse nesta segunda-feira (20) que buscar\u00e1 o \u201ccombate incans\u00e1vel \u00e0 corrup\u00e7\u00e3o\u201d \u00e0 frente do cargo, afirmou que&#8230;<\/p>\n","protected":false},"author":1182,"featured_media":11211,"comment_status":"closed","ping_status":"closed","sticky":false,"template":"","format":"standard","meta":{"footnotes":""},"categories":[6],"tags":[],"class_list":["post-25350","post","type-post","status-publish","format-standard","has-post-thumbnail","hentry","category-noticias"],"_links":{"self":[{"href":"https:\/\/www.sincomam.org.br\/index.php\/wp-json\/wp\/v2\/posts\/25350","targetHints":{"allow":["GET"]}}],"collection":[{"href":"https:\/\/www.sincomam.org.br\/index.php\/wp-json\/wp\/v2\/posts"}],"about":[{"href":"https:\/\/www.sincomam.org.br\/index.php\/wp-json\/wp\/v2\/types\/post"}],"author":[{"embeddable":true,"href":"https:\/\/www.sincomam.org.br\/index.php\/wp-json\/wp\/v2\/users\/1182"}],"replies":[{"embeddable":true,"href":"https:\/\/www.sincomam.org.br\/index.php\/wp-json\/wp\/v2\/comments?post=25350"}],"version-history":[{"count":1,"href":"https:\/\/www.sincomam.org.br\/index.php\/wp-json\/wp\/v2\/posts\/25350\/revisions"}],"predecessor-version":[{"id":25351,"href":"https:\/\/www.sincomam.org.br\/index.php\/wp-json\/wp\/v2\/posts\/25350\/revisions\/25351"}],"wp:featuredmedia":[{"embeddable":true,"href":"https:\/\/www.sincomam.org.br\/index.php\/wp-json\/wp\/v2\/media\/11211"}],"wp:attachment":[{"href":"https:\/\/www.sincomam.org.br\/index.php\/wp-json\/wp\/v2\/media?parent=25350"}],"wp:term":[{"taxonomy":"category","embeddable":true,"href":"https:\/\/www.sincomam.org.br\/index.php\/wp-json\/wp\/v2\/categories?post=25350"},{"taxonomy":"post_tag","embeddable":true,"href":"https:\/\/www.sincomam.org.br\/index.php\/wp-json\/wp\/v2\/tags?post=25350"}],"curies":[{"name":"wp","href":"https:\/\/api.w.org\/{rel}","templated":true}]}}