{"id":25338,"date":"2017-11-17T00:00:58","date_gmt":"2017-11-17T02:00:58","guid":{"rendered":"http:\/\/sincomam.org.br\/?p=25338"},"modified":"2017-11-17T03:03:35","modified_gmt":"2017-11-17T05:03:35","slug":"bunge-reorganiza-time-gerencial-em-meio-a-programa-de-corte-de-custos","status":"publish","type":"post","link":"https:\/\/www.sincomam.org.br\/index.php\/bunge-reorganiza-time-gerencial-em-meio-a-programa-de-corte-de-custos\/","title":{"rendered":"Bunge reorganiza time gerencial em meio a programa de corte de custos"},"content":{"rendered":"<p>A gigante norte-americana do agroneg\u00f3cio Bunge reorganizou seu time gerencial na quarta-feira como parte de um programa de corte de custos, na esteira de uma ampla oferta global de gr\u00e3os que t\u00eam pressionado os ganhos das maiores negociadoras de produtos agr\u00edcolas do mundo.<\/p>\n<p>Quatro anos de volumosas colheitas de gr\u00e3os e oleaginosas t\u00eam apertado as margens da Bunge e de suas principais rivais Archer Daniels Midland (ADM), Cargill e Louis Dreyfus. Operadores do mercado esperam o mesmo no pr\u00f3ximo ano, levando o setor a cortar custos e buscar consolida\u00e7\u00e3o.<\/p>\n<p>A partir de 1\u00ba de janeiro, Raul Padilla vai se tornar presidente da Bunge para toda a Am\u00e9rica do Sul e para o neg\u00f3cio de a\u00e7\u00facar e a\u00e7\u00facar, afirmou a companhia em nota. Padilla \u00e9 atualmente chefe da Bunge Brasil e diretor-geral da unidade de a\u00e7\u00facar e bioenergia.<\/p>\n<p>Enrique Humanes, CEO da Bunge Argentina, vai se aposentar como parte da reorganiza\u00e7\u00e3o, destacou a Bunge.<\/p>\n<p>As mudan\u00e7as s\u00e3o parte de um plano de reestrutura\u00e7\u00e3o anunciado em julho que visa reduzir custos em 250 milh\u00f5es de d\u00f3lares at\u00e9 o final de 2019. A empresa disse na quarta-feira que cortaria empregos como parte do processo, mas n\u00e3o divulgou a quantidade de demiss\u00f5es.<\/p>\n<p>Globalmente, a Bunge reduzir\u00e1 o n\u00famero de unidades operacionais de cinco para tr\u00eas: Am\u00e9rica do Norte, Europa e \u00c1sia; Am\u00e9rica do Sul; e A\u00e7\u00facar e Bioenergia.<\/p>\n<p>Fonte: Reuters<\/p>\n","protected":false},"excerpt":{"rendered":"<p>A gigante norte-americana do agroneg\u00f3cio Bunge reorganizou seu time gerencial na quarta-feira como parte de um programa de corte de custos, na esteira de uma&#8230;<\/p>\n","protected":false},"author":1182,"featured_media":20495,"comment_status":"closed","ping_status":"closed","sticky":false,"template":"","format":"standard","meta":{"footnotes":""},"categories":[6],"tags":[],"class_list":["post-25338","post","type-post","status-publish","format-standard","has-post-thumbnail","hentry","category-noticias"],"_links":{"self":[{"href":"https:\/\/www.sincomam.org.br\/index.php\/wp-json\/wp\/v2\/posts\/25338","targetHints":{"allow":["GET"]}}],"collection":[{"href":"https:\/\/www.sincomam.org.br\/index.php\/wp-json\/wp\/v2\/posts"}],"about":[{"href":"https:\/\/www.sincomam.org.br\/index.php\/wp-json\/wp\/v2\/types\/post"}],"author":[{"embeddable":true,"href":"https:\/\/www.sincomam.org.br\/index.php\/wp-json\/wp\/v2\/users\/1182"}],"replies":[{"embeddable":true,"href":"https:\/\/www.sincomam.org.br\/index.php\/wp-json\/wp\/v2\/comments?post=25338"}],"version-history":[{"count":1,"href":"https:\/\/www.sincomam.org.br\/index.php\/wp-json\/wp\/v2\/posts\/25338\/revisions"}],"predecessor-version":[{"id":25339,"href":"https:\/\/www.sincomam.org.br\/index.php\/wp-json\/wp\/v2\/posts\/25338\/revisions\/25339"}],"wp:featuredmedia":[{"embeddable":true,"href":"https:\/\/www.sincomam.org.br\/index.php\/wp-json\/wp\/v2\/media\/20495"}],"wp:attachment":[{"href":"https:\/\/www.sincomam.org.br\/index.php\/wp-json\/wp\/v2\/media?parent=25338"}],"wp:term":[{"taxonomy":"category","embeddable":true,"href":"https:\/\/www.sincomam.org.br\/index.php\/wp-json\/wp\/v2\/categories?post=25338"},{"taxonomy":"post_tag","embeddable":true,"href":"https:\/\/www.sincomam.org.br\/index.php\/wp-json\/wp\/v2\/tags?post=25338"}],"curies":[{"name":"wp","href":"https:\/\/api.w.org\/{rel}","templated":true}]}}