{"id":25336,"date":"2017-11-17T03:00:31","date_gmt":"2017-11-17T05:00:31","guid":{"rendered":"http:\/\/sincomam.org.br\/?p=25336"},"modified":"2017-11-17T03:00:31","modified_gmt":"2017-11-17T05:00:31","slug":"petrobras-ve-petroleo-entre-us-55-e-us-65-o-barril-no-medio-prazo","status":"publish","type":"post","link":"https:\/\/www.sincomam.org.br\/index.php\/petrobras-ve-petroleo-entre-us-55-e-us-65-o-barril-no-medio-prazo\/","title":{"rendered":"Petrobras v\u00ea petr\u00f3leo entre US$ 55 e US$ 65 o barril no m\u00e9dio prazo"},"content":{"rendered":"<article class=\"article\" itemscope=\"\" itemtype=\"https:\/\/schema.org\/Article\">\n<div class=\"row equal-height\">\n<div class=\"col col-xs-12  item-main\">\n<div class=\"row\">\n<div class=\"article-content-main  col-lg-12 \">\n<section class=\"article-content clearfix\" itemprop=\"articleBody\">\n<p>A Petrobras prev\u00ea que o pre\u00e7o do petr\u00f3leo fique entre US$ 55 o barril e US$ 65 o barril no m\u00e9dio prazo, disse o presidente da estatal, Pedro Parente, em entrevista \u00e0 rede americana \u201cCNBC\u201d, ao participar de um evento do Bradesco em Nova York.<\/p>\n<p>\u201c(&#8230;) o n\u00famero preciso \u00e9 muito dif\u00edcil de prever\u201d, afirmou. Ele lembrou, por exemplo, que ningu\u00e9m projetava que o barril do Brent chegaria ao patamar atual &#8211; acima de US$ 60 o barril neste momento do ano.<\/p>\n<p>Segundo o executivo, a Petrobras trabalha com os pre\u00e7os atuais no mercado e sempre olhando para o futuro.<\/p>\n<p>Na entrevista, Parente afirmou ainda que a Petrobras est\u00e1 trabalhando para cumprir as metas de produ\u00e7\u00e3o de \u00f3leo neste ano, com estabilidade em rela\u00e7\u00e3o a 2016.<\/p>\n<p>Fonte: Valor<\/p>\n<\/section>\n<\/div>\n<\/div>\n<\/div>\n<\/div>\n<\/article>\n<div class=\"raxo-after-content\">\n<div class=\"moduletable\"><\/div>\n<\/div>\n","protected":false},"excerpt":{"rendered":"<p>A Petrobras prev\u00ea que o pre\u00e7o do petr\u00f3leo fique entre US$ 55 o barril e US$ 65 o barril no m\u00e9dio prazo, disse o presidente&#8230;<\/p>\n","protected":false},"author":1182,"featured_media":17800,"comment_status":"closed","ping_status":"closed","sticky":false,"template":"","format":"standard","meta":{"footnotes":""},"categories":[6],"tags":[],"class_list":["post-25336","post","type-post","status-publish","format-standard","has-post-thumbnail","hentry","category-noticias"],"_links":{"self":[{"href":"https:\/\/www.sincomam.org.br\/index.php\/wp-json\/wp\/v2\/posts\/25336","targetHints":{"allow":["GET"]}}],"collection":[{"href":"https:\/\/www.sincomam.org.br\/index.php\/wp-json\/wp\/v2\/posts"}],"about":[{"href":"https:\/\/www.sincomam.org.br\/index.php\/wp-json\/wp\/v2\/types\/post"}],"author":[{"embeddable":true,"href":"https:\/\/www.sincomam.org.br\/index.php\/wp-json\/wp\/v2\/users\/1182"}],"replies":[{"embeddable":true,"href":"https:\/\/www.sincomam.org.br\/index.php\/wp-json\/wp\/v2\/comments?post=25336"}],"version-history":[{"count":1,"href":"https:\/\/www.sincomam.org.br\/index.php\/wp-json\/wp\/v2\/posts\/25336\/revisions"}],"predecessor-version":[{"id":25337,"href":"https:\/\/www.sincomam.org.br\/index.php\/wp-json\/wp\/v2\/posts\/25336\/revisions\/25337"}],"wp:featuredmedia":[{"embeddable":true,"href":"https:\/\/www.sincomam.org.br\/index.php\/wp-json\/wp\/v2\/media\/17800"}],"wp:attachment":[{"href":"https:\/\/www.sincomam.org.br\/index.php\/wp-json\/wp\/v2\/media?parent=25336"}],"wp:term":[{"taxonomy":"category","embeddable":true,"href":"https:\/\/www.sincomam.org.br\/index.php\/wp-json\/wp\/v2\/categories?post=25336"},{"taxonomy":"post_tag","embeddable":true,"href":"https:\/\/www.sincomam.org.br\/index.php\/wp-json\/wp\/v2\/tags?post=25336"}],"curies":[{"name":"wp","href":"https:\/\/api.w.org\/{rel}","templated":true}]}}