{"id":25334,"date":"2017-11-17T02:59:07","date_gmt":"2017-11-17T04:59:07","guid":{"rendered":"http:\/\/sincomam.org.br\/?p=25334"},"modified":"2017-11-17T02:59:07","modified_gmt":"2017-11-17T04:59:07","slug":"importacoes-no-brasil-vao-crescer-14-em-2017-aponta-relatorio-da-maersk","status":"publish","type":"post","link":"https:\/\/www.sincomam.org.br\/index.php\/importacoes-no-brasil-vao-crescer-14-em-2017-aponta-relatorio-da-maersk\/","title":{"rendered":"Importa\u00e7\u00f5es no Brasil v\u00e3o crescer 14% em 2017, aponta relat\u00f3rio da Maersk"},"content":{"rendered":"<p><span>A Maersk estima que as importa\u00e7\u00f5es e exporta\u00e7\u00f5es no Brasil v\u00e3o crescer, respectivamente, 14% e 1,5% em 2017. De acordo com balan\u00e7o da empresa no terceiro trimestre, os n\u00fameros representam alta conjunta de 7% no ano. A empresa destaca que o com\u00e9rcio exterior brasileiro cresceu 10,2% no trimestre e avalia que o pa\u00eds se recupera mais r\u00e1pido do que o esperado para esse fim de ano. A expectativa da companhia \u00e9 que este Natal ser\u00e1 o melhor desde o in\u00edcio da crise em 2015.<\/span><\/p>\n<p><span>Segundo o relat\u00f3rio, os varejistas est\u00e3o otimistas com aumento do consumo, depois de quatro trimestres de crescimento consistente de dois d\u00edgitos nas importa\u00e7\u00f5es, com o terceiro trimestre registrando alta de 14,3%, ante 16,8% no segundo trimestre. As importa\u00e7\u00f5es para Manaus (AM), principalmente produtos eletr\u00f4nicos para consumidores das regi\u00f5es Sul e Sudeste, saltaram 35% no terceiro trimestre em rela\u00e7\u00e3o ao mesmo per\u00edodo de 2016.<\/span><\/p>\n<p><span>A empresa destaca que os varejistas est\u00e3o aumentando seus estoques antes do Natal e lembra que no ano passado os varejistas apenas mantinham os seus invent\u00e1rios. A Maersk ressalta que esse crescimento \u00e9 sazonal e que o volume total de importa\u00e7\u00e3o e exporta\u00e7\u00e3o para o terceiro trimestre ainda est\u00e1 9% abaixo dos volumes do mesmo per\u00edodo em 2014, ano anterior ao come\u00e7o da crise. A Maersk entende que ainda existe um caminho a ser percorrido at\u00e9 que o com\u00e9rcio mar\u00edtimo se recupere totalmente.<\/span><\/p>\n<p><span>O diretor comercial da Maersk Line para a costa leste da Am\u00e9rica do Sul, Nestor Amador, contou ainda que a Maersk passou a disponibilizar mais cont\u00eaineres refrigerados e lan\u00e7ou sistema de gerenciamento remoto de cont\u00eaineres que possibilita rastrear e acompanhar seus produtos durante toda a viagem. \u201cO forte crescimento do mercado de exporta\u00e7\u00f5es est\u00e1 colocando muita press\u00e3o nas companhias de transporte mar\u00edtimo, o que fez a Maersk mudar sua forma de atender os clientes do mercado<span>\u00a0<\/span><\/span><em>reefer<\/em><span><span>\u00a0<\/span>no Nordeste do Brasil, por exemplo&#8221;, disse.<\/span><\/p>\n<p><span>Recentemente, a Maersk Line anunciou mudan\u00e7a no seu servi\u00e7o entre Nordeste e Europa durante a \u00e9poca de colheita. Pela primeira vez, a empresa estabeleceu um servi\u00e7o direto entre a APM Terminals Pec\u00e9m, no Cear\u00e1, e portos na Espanha, Holanda e Reino Unido. A companhia est\u00e1 trazendo quatro navios com capacidade de 1.800 TEUs, cada um com capacidade de carregar 400 cont\u00eaineres refrigerados.<\/span><\/p>\n<p><span>As exporta\u00e7\u00f5es de carne subiram 37% no terceiro trimestre, registrando recupera\u00e7\u00e3o ap\u00f3s uma desacelera\u00e7\u00e3o nos tr\u00eas meses anteriores. No entanto, Argentina, Uruguai e Paraguai tamb\u00e9m est\u00e3o aumentando as exporta\u00e7\u00f5es de carne, disputando espa\u00e7o com os produtores brasileiros. \u201cAs exporta\u00e7\u00f5es est\u00e3o come\u00e7ando a performar melhor, mas j\u00e1 h\u00e1 mais demanda do que o setor de transporte mar\u00edtimo inteiro consegue suprir atualmente. Em rela\u00e7\u00e3o \u00e0 carne, haver\u00e1 ainda mais press\u00e3o com outros pa\u00edses competindo para aumentar seu market share\u201d, observou Jo\u00e3o Momesso, diretor de trade e marketing da Maersk Line para a costa leste da Am\u00e9rica do Sul.<\/span><\/p>\n","protected":false},"excerpt":{"rendered":"<p>A Maersk estima que as importa\u00e7\u00f5es e exporta\u00e7\u00f5es no Brasil v\u00e3o crescer, respectivamente, 14% e 1,5% em 2017. De acordo com balan\u00e7o da empresa no&#8230;<\/p>\n","protected":false},"author":1182,"featured_media":19346,"comment_status":"closed","ping_status":"closed","sticky":false,"template":"","format":"standard","meta":{"footnotes":""},"categories":[6],"tags":[],"class_list":["post-25334","post","type-post","status-publish","format-standard","has-post-thumbnail","hentry","category-noticias"],"_links":{"self":[{"href":"https:\/\/www.sincomam.org.br\/index.php\/wp-json\/wp\/v2\/posts\/25334","targetHints":{"allow":["GET"]}}],"collection":[{"href":"https:\/\/www.sincomam.org.br\/index.php\/wp-json\/wp\/v2\/posts"}],"about":[{"href":"https:\/\/www.sincomam.org.br\/index.php\/wp-json\/wp\/v2\/types\/post"}],"author":[{"embeddable":true,"href":"https:\/\/www.sincomam.org.br\/index.php\/wp-json\/wp\/v2\/users\/1182"}],"replies":[{"embeddable":true,"href":"https:\/\/www.sincomam.org.br\/index.php\/wp-json\/wp\/v2\/comments?post=25334"}],"version-history":[{"count":1,"href":"https:\/\/www.sincomam.org.br\/index.php\/wp-json\/wp\/v2\/posts\/25334\/revisions"}],"predecessor-version":[{"id":25335,"href":"https:\/\/www.sincomam.org.br\/index.php\/wp-json\/wp\/v2\/posts\/25334\/revisions\/25335"}],"wp:featuredmedia":[{"embeddable":true,"href":"https:\/\/www.sincomam.org.br\/index.php\/wp-json\/wp\/v2\/media\/19346"}],"wp:attachment":[{"href":"https:\/\/www.sincomam.org.br\/index.php\/wp-json\/wp\/v2\/media?parent=25334"}],"wp:term":[{"taxonomy":"category","embeddable":true,"href":"https:\/\/www.sincomam.org.br\/index.php\/wp-json\/wp\/v2\/categories?post=25334"},{"taxonomy":"post_tag","embeddable":true,"href":"https:\/\/www.sincomam.org.br\/index.php\/wp-json\/wp\/v2\/tags?post=25334"}],"curies":[{"name":"wp","href":"https:\/\/api.w.org\/{rel}","templated":true}]}}