{"id":25325,"date":"2017-11-14T00:01:51","date_gmt":"2017-11-14T02:01:51","guid":{"rendered":"http:\/\/sincomam.org.br\/?p=25325"},"modified":"2017-11-13T18:18:33","modified_gmt":"2017-11-13T20:18:33","slug":"importados-ameacam-recuperacao-da-industria","status":"publish","type":"post","link":"https:\/\/www.sincomam.org.br\/index.php\/importados-ameacam-recuperacao-da-industria\/","title":{"rendered":"Importados amea\u00e7am recupera\u00e7\u00e3o da ind\u00fastria"},"content":{"rendered":"<p>A recupera\u00e7\u00e3o da produ\u00e7\u00e3o de vestu\u00e1rio no Brasil pode ser freada nos pr\u00f3ximos meses por uma r\u00e1pida acelera\u00e7\u00e3o nas importa\u00e7\u00f5es desses produtos, afirma a Associa\u00e7\u00e3o Brasileira da Ind\u00fastria T\u00eaxtil e de Confec\u00e7\u00e3o (Abit).<\/p>\n<p>De acordo com dados do Minist\u00e9rio da Ind\u00fastria, Com\u00e9rcio Exterior e Servi\u00e7os (Mdic) compilados pela Abit, as importa\u00e7\u00f5es de vestu\u00e1rio aumentaram 90% em volume em outubro, comparado ao mesmo m\u00eas de 2016, somando 10 mil toneladas. Em valor, o aumento foi de 59,8%, para US$ 140,3 milh\u00f5es. No acumulado de janeiro a outubro, as importa\u00e7\u00f5es de artigos de vestu\u00e1rio cresceram 49,2% em volume, para 91,8 mil toneladas, e 21,3% em valor, para US$ 1,29 bilh\u00e3o.<\/p>\n<p>&#8220;Essa \u00e9 uma pedra cantada. A queda do d\u00f3lar aumenta a competitividade dos produtos importados. Chama a aten\u00e7\u00e3o a magnitude no aumento das importa\u00e7\u00f5es. Nesse ritmo, a recupera\u00e7\u00e3o da ind\u00fastria pode se arrefecer neste fim de ano e em 2018&#8221;, afirma Fernando Pimentel, presidente da Abit.<\/p>\n<p>O executivo afirmou que o setor esperava uma desvaloriza\u00e7\u00e3o do d\u00f3lar frente ao real neste ano, mas estimava um d\u00f3lar m\u00e9dio em torno de R$ 3,40. &#8220;O d\u00f3lar est\u00e1 projetado agora, na m\u00e9dia, em R$ 3,18. Esses 10% a menos no d\u00f3lar m\u00e9dio j\u00e1 diminui a competitividade do produto brasileiro&#8221;, diz Pimentel.<\/p>\n<p>Enquanto as importa\u00e7\u00f5es de vestu\u00e1rio cresceram 49,2% em volume no acumulado do ano, a produ\u00e7\u00e3o nacional de vestu\u00e1rio est\u00e1 com crescimento de 4,6% no acumulado de janeiro a setembro, e tamb\u00e9m de 4,6% em 12 meses, segundo o Instituto Brasileiro de Geografia e Estat\u00edstica (IBGE), destacou o executivo. No varejo, as vendas de tecidos, vestu\u00e1rio e cal\u00e7ados registram alta de 7,3% no acumulado de janeiro a agosto, e de 0,3% em 12 meses.<\/p>\n<p>Pimentel tamb\u00e9m considerou preocupante o tipo de produto importado: principalmente camisetas de malha, categoria em que as ind\u00fastrias brasileiras de vestu\u00e1rio s\u00e3o especializadas.<\/p>\n<p>&#8220;Essas camisetas est\u00e3o chegando no pa\u00eds a pre\u00e7os que v\u00e3o de US$ 0,50 a US$ 0,55 por pe\u00e7a, enquanto o pre\u00e7o m\u00e9dio de camisetas de malha no mercado internacional varia entre US$ 3 e US$ 3,50 por pe\u00e7a. S\u00e3o itens que competem diretamente com o produto brasileiro e est\u00e3o chegando ao Brasil a um pre\u00e7o aviltante&#8221;, disse o executivo. De acordo com a Abit, a maior parte dessas importa\u00e7\u00f5es vem da China.<\/p>\n<p>As importa\u00e7\u00f5es de vestu\u00e1rio da China aumentaram 109,3% em outubro, para 7,3 mil toneladas. No acumulado do ano, a alta foi de 61%, para 68,7 mil toneladas. Em valor, as compras vindas do pa\u00eds asi\u00e1tico cresceram 79,7% em outubro, para US$ 79,4 milh\u00f5es, e 32,1% no acumulado de janeiro a outubro, para US$ 766,9 milh\u00f5es.<\/p>\n<p>Pimentel disse que a Abit j\u00e1 informou a Receita Federal sobre essas importa\u00e7\u00f5es a pre\u00e7os abaixo da m\u00e9dia do mercado internacional e solicitou uma investiga\u00e7\u00e3o sobre a proced\u00eancia e a legalidade desses produtos.<\/p>\n<p>Para o executivo, o crescimento das importa\u00e7\u00f5es a um ritmo dez vezes superior \u00e0 produ\u00e7\u00e3o nacional tira participa\u00e7\u00e3o de mercado das empresas brasileiras. &#8220;A verdade \u00e9 que sem as reformas tribut\u00e1ria e previdenci\u00e1ria, as ind\u00fastrias continuam carregando um custo alto que tira a competitividade do setor. Sem mudan\u00e7as estruturais, a pequena melhora registrada na produ\u00e7\u00e3o neste ano pode ser perdida em 2018&#8221;, disse Pimentel.<\/p>\n<p>Fonte: Valor<\/p>\n","protected":false},"excerpt":{"rendered":"<p>A recupera\u00e7\u00e3o da produ\u00e7\u00e3o de vestu\u00e1rio no Brasil pode ser freada nos pr\u00f3ximos meses por uma r\u00e1pida acelera\u00e7\u00e3o nas importa\u00e7\u00f5es desses produtos, afirma a Associa\u00e7\u00e3o&#8230;<\/p>\n","protected":false},"author":1182,"featured_media":18495,"comment_status":"closed","ping_status":"closed","sticky":false,"template":"","format":"standard","meta":{"footnotes":""},"categories":[6],"tags":[],"class_list":["post-25325","post","type-post","status-publish","format-standard","has-post-thumbnail","hentry","category-noticias"],"_links":{"self":[{"href":"https:\/\/www.sincomam.org.br\/index.php\/wp-json\/wp\/v2\/posts\/25325","targetHints":{"allow":["GET"]}}],"collection":[{"href":"https:\/\/www.sincomam.org.br\/index.php\/wp-json\/wp\/v2\/posts"}],"about":[{"href":"https:\/\/www.sincomam.org.br\/index.php\/wp-json\/wp\/v2\/types\/post"}],"author":[{"embeddable":true,"href":"https:\/\/www.sincomam.org.br\/index.php\/wp-json\/wp\/v2\/users\/1182"}],"replies":[{"embeddable":true,"href":"https:\/\/www.sincomam.org.br\/index.php\/wp-json\/wp\/v2\/comments?post=25325"}],"version-history":[{"count":1,"href":"https:\/\/www.sincomam.org.br\/index.php\/wp-json\/wp\/v2\/posts\/25325\/revisions"}],"predecessor-version":[{"id":25326,"href":"https:\/\/www.sincomam.org.br\/index.php\/wp-json\/wp\/v2\/posts\/25325\/revisions\/25326"}],"wp:featuredmedia":[{"embeddable":true,"href":"https:\/\/www.sincomam.org.br\/index.php\/wp-json\/wp\/v2\/media\/18495"}],"wp:attachment":[{"href":"https:\/\/www.sincomam.org.br\/index.php\/wp-json\/wp\/v2\/media?parent=25325"}],"wp:term":[{"taxonomy":"category","embeddable":true,"href":"https:\/\/www.sincomam.org.br\/index.php\/wp-json\/wp\/v2\/categories?post=25325"},{"taxonomy":"post_tag","embeddable":true,"href":"https:\/\/www.sincomam.org.br\/index.php\/wp-json\/wp\/v2\/tags?post=25325"}],"curies":[{"name":"wp","href":"https:\/\/api.w.org\/{rel}","templated":true}]}}