{"id":25319,"date":"2017-11-14T00:06:16","date_gmt":"2017-11-14T02:06:16","guid":{"rendered":"http:\/\/sincomam.org.br\/?p=25319"},"modified":"2017-11-13T18:08:12","modified_gmt":"2017-11-13T20:08:12","slug":"opep-e-aliados-nao-devem-atrasar-decisao-sobre-extensao-de-acordo-para-corte-de-producao","status":"publish","type":"post","link":"https:\/\/www.sincomam.org.br\/index.php\/opep-e-aliados-nao-devem-atrasar-decisao-sobre-extensao-de-acordo-para-corte-de-producao\/","title":{"rendered":"Opep e aliados n\u00e3o devem atrasar decis\u00e3o sobre extens\u00e3o de acordo para corte de produ\u00e7\u00e3o"},"content":{"rendered":"<p>Os produtores de petr\u00f3leo da Opep e de fora do grupo est\u00e3o se movimentando para decidir, em sua reuni\u00e3o de 30 de novembro, se estender\u00e3o o acordo global para reduzir o fornecimento de petr\u00f3leo, disseram dois ministros nesta segunda-feira.<\/p>\n<p>A Organiza\u00e7\u00e3o dos Pa\u00edses Exportadores de Petr\u00f3leo, al\u00e9m da R\u00fassia e outros nove produtores, t\u00eam um acordo para reduzir a produ\u00e7\u00e3o em cerca de 1,8 milh\u00e3o de barris por dia at\u00e9 mar\u00e7o, em uma tentativa de acabar com o excesso, e est\u00e3o considerando estender o corte por mais tempo.<\/p>\n<p>A Reuters reportou no m\u00eas passado, citando fontes da Opep, que os produtores tendem a prolongar o acordo at\u00e9 o fim de 2018, embora a decis\u00e3o sobre o tema pudesse ser adiada at\u00e9 o in\u00edcio do ano que vem, dependendo do mercado.<\/p>\n<p>Mas o ministro de Energia dos Emirados \u00c1rabes Unidos, Suhail bin Mohammed al-Mazroui, disse nesta segunda-feira que n\u00e3o v\u00ea necessidade de adiar a decis\u00e3o para depois da reuni\u00e3o de 30 de novembro, em Viena. Seu colega do Om\u00e3 expressou confian\u00e7a de que haver\u00e1 um acordo neste m\u00eas.<\/p>\n<p>&#8220;Eu n\u00e3o vejo a necessidade de postergar a decis\u00e3o at\u00e9 mar\u00e7o&#8230; N\u00f3s n\u00e3o vamos nos reunir naquele trimestre, a menos que seja algo extraordin\u00e1rio&#8221;, disse Mazroui, em uma confer\u00eancia do setor de energia.<\/p>\n<p>Se houver uma decis\u00e3o para estender o corte de produ\u00e7\u00e3o, ser\u00e1 at\u00e9 o final de 2018, disse o ministro do Petr\u00f3leo do Om\u00e3, Mohammed bin Hamad al-Rumhi, acrescentando que ele n\u00e3o acredita que os produtores concordar\u00e3o em aprofundar os limites.<\/p>\n<p>Fonte: UOL<\/p>\n","protected":false},"excerpt":{"rendered":"<p>Os produtores de petr\u00f3leo da Opep e de fora do grupo est\u00e3o se movimentando para decidir, em sua reuni\u00e3o de 30 de novembro, se estender\u00e3o&#8230;<\/p>\n","protected":false},"author":1182,"featured_media":17857,"comment_status":"closed","ping_status":"closed","sticky":false,"template":"","format":"standard","meta":{"footnotes":""},"categories":[6],"tags":[],"class_list":["post-25319","post","type-post","status-publish","format-standard","has-post-thumbnail","hentry","category-noticias"],"_links":{"self":[{"href":"https:\/\/www.sincomam.org.br\/index.php\/wp-json\/wp\/v2\/posts\/25319","targetHints":{"allow":["GET"]}}],"collection":[{"href":"https:\/\/www.sincomam.org.br\/index.php\/wp-json\/wp\/v2\/posts"}],"about":[{"href":"https:\/\/www.sincomam.org.br\/index.php\/wp-json\/wp\/v2\/types\/post"}],"author":[{"embeddable":true,"href":"https:\/\/www.sincomam.org.br\/index.php\/wp-json\/wp\/v2\/users\/1182"}],"replies":[{"embeddable":true,"href":"https:\/\/www.sincomam.org.br\/index.php\/wp-json\/wp\/v2\/comments?post=25319"}],"version-history":[{"count":1,"href":"https:\/\/www.sincomam.org.br\/index.php\/wp-json\/wp\/v2\/posts\/25319\/revisions"}],"predecessor-version":[{"id":25320,"href":"https:\/\/www.sincomam.org.br\/index.php\/wp-json\/wp\/v2\/posts\/25319\/revisions\/25320"}],"wp:featuredmedia":[{"embeddable":true,"href":"https:\/\/www.sincomam.org.br\/index.php\/wp-json\/wp\/v2\/media\/17857"}],"wp:attachment":[{"href":"https:\/\/www.sincomam.org.br\/index.php\/wp-json\/wp\/v2\/media?parent=25319"}],"wp:term":[{"taxonomy":"category","embeddable":true,"href":"https:\/\/www.sincomam.org.br\/index.php\/wp-json\/wp\/v2\/categories?post=25319"},{"taxonomy":"post_tag","embeddable":true,"href":"https:\/\/www.sincomam.org.br\/index.php\/wp-json\/wp\/v2\/tags?post=25319"}],"curies":[{"name":"wp","href":"https:\/\/api.w.org\/{rel}","templated":true}]}}