{"id":25298,"date":"2017-11-10T00:00:19","date_gmt":"2017-11-10T02:00:19","guid":{"rendered":"http:\/\/www.sincomam.org.br\/?p=25298"},"modified":"2017-11-06T00:38:06","modified_gmt":"2017-11-06T02:38:06","slug":"confianca-do-empresario-de-servicos-atinge-maior-nivel-desde-2014","status":"publish","type":"post","link":"https:\/\/www.sincomam.org.br\/index.php\/confianca-do-empresario-de-servicos-atinge-maior-nivel-desde-2014\/","title":{"rendered":"Confian\u00e7a do empres\u00e1rio de servi\u00e7os atinge maior n\u00edvel desde 2014"},"content":{"rendered":"<p>O \u00cdndice de Confian\u00e7a de Servi\u00e7os, medido pela Funda\u00e7\u00e3o Getulio Vargas (FGV), avan\u00e7ou 2,2 pontos de setembro para outubro. O indicador alcan\u00e7ou 87,8 pontos em uma escala de zero a 200, o maior n\u00edvel desde outubro de 2014.<\/p>\n<p>A confian\u00e7a aumentou para empres\u00e1rios de nove das 13 principais atividades pesquisadas. Eles est\u00e3o mais confiantes quanto ao presente porque o \u00cdndice da Situa\u00e7\u00e3o Atual cresceu 2,3 pontos e tamb\u00e9m quanto ao futuro porque o \u00cdndice de Expectativas aumentou 2,1 pontos.<\/p>\n<p><strong>Empresas querem contratar<\/strong><\/p>\n<p>O Indicador de Tend\u00eancia do Emprego no Setor para os pr\u00f3ximos meses ficou em 101,3 pontos em outubro, ultrapassando a barreira dos 100 pontos pela primeira vez em 34 meses. As empresas que planejam contrata\u00e7\u00f5es (16,5%) superam as que tencionam cortes (14,5%).<\/p>\n<p>O N\u00edvel de Utiliza\u00e7\u00e3o da Capacidade (Nuci) do setor de servi\u00e7os chegou a 83% em outubro, avan\u00e7ando 1,5 ponto percentual sobre setembro e alcan\u00e7ando o seu maior valor desde janeiro de 2016.<\/p>\n<p>De acordo com a FGV, os empres\u00e1rios t\u00eam agora uma leitura mais favor\u00e1vel sobre o ambiente de neg\u00f3cios e o padr\u00e3o de melhora generalizada na percep\u00e7\u00e3o empresarial \u201cdeve se sustentar nos pr\u00f3ximos meses, salvo a ocorr\u00eancia de algum fato impactante vindo do campo pol\u00edtico\u201d.<\/p>\n<p>Fonte: Di\u00e1rio do Nordeste<\/p>\n","protected":false},"excerpt":{"rendered":"<p>O \u00cdndice de Confian\u00e7a de Servi\u00e7os, medido pela Funda\u00e7\u00e3o Getulio Vargas (FGV), avan\u00e7ou 2,2 pontos de setembro para outubro. O indicador alcan\u00e7ou 87,8 pontos em&#8230;<\/p>\n","protected":false},"author":1182,"featured_media":18152,"comment_status":"closed","ping_status":"closed","sticky":false,"template":"","format":"standard","meta":{"footnotes":""},"categories":[6],"tags":[],"class_list":["post-25298","post","type-post","status-publish","format-standard","has-post-thumbnail","hentry","category-noticias"],"_links":{"self":[{"href":"https:\/\/www.sincomam.org.br\/index.php\/wp-json\/wp\/v2\/posts\/25298","targetHints":{"allow":["GET"]}}],"collection":[{"href":"https:\/\/www.sincomam.org.br\/index.php\/wp-json\/wp\/v2\/posts"}],"about":[{"href":"https:\/\/www.sincomam.org.br\/index.php\/wp-json\/wp\/v2\/types\/post"}],"author":[{"embeddable":true,"href":"https:\/\/www.sincomam.org.br\/index.php\/wp-json\/wp\/v2\/users\/1182"}],"replies":[{"embeddable":true,"href":"https:\/\/www.sincomam.org.br\/index.php\/wp-json\/wp\/v2\/comments?post=25298"}],"version-history":[{"count":1,"href":"https:\/\/www.sincomam.org.br\/index.php\/wp-json\/wp\/v2\/posts\/25298\/revisions"}],"predecessor-version":[{"id":25299,"href":"https:\/\/www.sincomam.org.br\/index.php\/wp-json\/wp\/v2\/posts\/25298\/revisions\/25299"}],"wp:featuredmedia":[{"embeddable":true,"href":"https:\/\/www.sincomam.org.br\/index.php\/wp-json\/wp\/v2\/media\/18152"}],"wp:attachment":[{"href":"https:\/\/www.sincomam.org.br\/index.php\/wp-json\/wp\/v2\/media?parent=25298"}],"wp:term":[{"taxonomy":"category","embeddable":true,"href":"https:\/\/www.sincomam.org.br\/index.php\/wp-json\/wp\/v2\/categories?post=25298"},{"taxonomy":"post_tag","embeddable":true,"href":"https:\/\/www.sincomam.org.br\/index.php\/wp-json\/wp\/v2\/tags?post=25298"}],"curies":[{"name":"wp","href":"https:\/\/api.w.org\/{rel}","templated":true}]}}