{"id":25275,"date":"2017-11-10T02:20:09","date_gmt":"2017-11-10T04:20:09","guid":{"rendered":"http:\/\/www.sincomam.org.br\/?p=25275"},"modified":"2017-11-06T00:21:16","modified_gmt":"2017-11-06T02:21:16","slug":"balanca-comercial-registra-novo-recorde","status":"publish","type":"post","link":"https:\/\/www.sincomam.org.br\/index.php\/balanca-comercial-registra-novo-recorde\/","title":{"rendered":"Balan\u00e7a comercial registra novo recorde"},"content":{"rendered":"<p>Saldo entre exporta\u00e7\u00f5es e importa\u00e7\u00f5es bateu em US$ 58,5 bilh\u00f5es no ano, o maior resultado da s\u00e9rie para o per\u00edodo<\/p>\n<p>Com a demanda externa aquecida e os pre\u00e7os internacionais favorecendo produtos brasileiros, as vendas ao exterior superaram as importa\u00e7\u00f5es em US$ 5,2 bilh\u00f5es em outubro, o melhor resultado para o m\u00eas da s\u00e9rie hist\u00f3rica, que tem in\u00edcio em 1989.<\/p>\n<p>Em outubro, as exporta\u00e7\u00f5es somaram US$ 18,9 bilh\u00f5es, alta de 31,1% ante outubro de 2016 e o maior crescimento mensal do ano.\u00a0<\/p>\n<p>Com isso, o valor que o Pa\u00eds vendeu ao exterior de janeiro at\u00e9 o m\u00eas passado (US$ 183,4 bilh\u00f5es) praticamente igualou o montante exportado em todo o ano de 2016 (US$ 185,2 bilh\u00f5es).<\/p>\n<p>O valor alcan\u00e7ado em 2017 j\u00e1 supera em US$ 30 bilh\u00f5es as exporta\u00e7\u00f5es do mesmo per\u00edodo do ano passado. \u201cIsso foi motivado pela safra recorde de gr\u00e3os e pelas vendas de min\u00e9rio de ferro e petr\u00f3leo, entre outros produtos\u201d, afirmou o diretor de Estat\u00edsticas e Apoio \u00e0s Exporta\u00e7\u00f5es do Minist\u00e9rio da Ind\u00fastria, Com\u00e9rcio Exterior e Servi\u00e7os (Mdic), Herlon Brand\u00e3o, destacando o aumento nas vendas de min\u00e9rio de ferro e petr\u00f3leo bruto e de carne de frango in natura e milho.<\/p>\n<p>As importa\u00e7\u00f5es tamb\u00e9m registraram alta, de 14,5%, somando US$ 13,676 bilh\u00f5es. Houve crescimento nas compras de bens de capital em outubro pelo terceiro m\u00eas consecutivo (18,7%), o que n\u00e3o acontecia desde 2013. \u201cIsso est\u00e1 em conson\u00e2ncia com o crescimento da produtividade industrial, \u00e9 um sinalizador de melhora da economia e da atividade econ\u00f4mica\u201d, completou Brand\u00e3o.<\/p>\n<p>No ano, a balan\u00e7a est\u00e1 no azul em US$ 58,5 bilh\u00f5es, tamb\u00e9m o maior resultado da s\u00e9rie para o per\u00edodo. Na semana passada, o governo aumentou a previs\u00e3o oficial para o super\u00e1vit do ano de US$ 60 bilh\u00f5es para de US$ 65 bilh\u00f5es a US$ 70 bilh\u00f5es.<\/p>\n<p>Para o economista-chefe da Lopes Filho &amp; Associados, Julio Hegedus Netto, a alta verificada nas exporta\u00e7\u00f5es e importa\u00e7\u00f5es indica que a economia engatou um maior ritmo de dinamismo. \u201cVemos uma economia que est\u00e1 retomando, n\u00e3o um fato isolado ou algum neg\u00f3cio pontual que est\u00e1 distorcendo o resultado. Est\u00e1 ocorrendo um aumento de intensidade em toda a corrente comercial\u201d, afirmou o economista.\u00a0<\/p>\n<p>Para 2018, os economistas projetam um saldo menor do que neste ano. De acordo com a economista do Credit Suisse, Iana Ferr\u00e3o, isso reflete o maior crescimento da economia, que deve elevar as importa\u00e7\u00f5es, a queda da safra agr\u00edcola e a redu\u00e7\u00e3o esperada nos pre\u00e7os de alguns produtos, como min\u00e9rio de ferro.<\/p>\n<p>Min\u00e9rio. Enquanto o Congresso discute taxar exporta\u00e7\u00f5es de min\u00e9rios para cobrir perdas de Estados com a desonera\u00e7\u00e3o de ICMS, como noticiou ontem o Estad\u00e3o\/Broadcast, Brand\u00e3o, ressaltou que o Brasil n\u00e3o tem tradi\u00e7\u00e3o de taxar produtos exportados. Ele disse desconhecer a discuss\u00e3o em curso no Legislativo.<\/p>\n<p>A proposta inclu\u00edda no relat\u00f3rio do projeto que regulamenta os repasses da chamada Lei Kandir, apresentado ter\u00e7a-feira pelo senador Wellington Fagundes (PR-MT) na comiss\u00e3o mista criada para discutir o tema, \u00e9 taxar as exporta\u00e7\u00f5es de min\u00e9rio brasileiras em at\u00e9 30%. O relat\u00f3rio dever\u00e1 ser votado na pr\u00f3xima semana.\u00a0<\/p>\n<p>Fonte: Estad\u00e3o<\/p>\n","protected":false},"excerpt":{"rendered":"<p>Saldo entre exporta\u00e7\u00f5es e importa\u00e7\u00f5es bateu em US$ 58,5 bilh\u00f5es no ano, o maior resultado da s\u00e9rie para o per\u00edodo Com a demanda externa aquecida&#8230;<\/p>\n","protected":false},"author":1182,"featured_media":17794,"comment_status":"closed","ping_status":"closed","sticky":false,"template":"","format":"standard","meta":{"footnotes":""},"categories":[6],"tags":[],"class_list":["post-25275","post","type-post","status-publish","format-standard","has-post-thumbnail","hentry","category-noticias"],"_links":{"self":[{"href":"https:\/\/www.sincomam.org.br\/index.php\/wp-json\/wp\/v2\/posts\/25275","targetHints":{"allow":["GET"]}}],"collection":[{"href":"https:\/\/www.sincomam.org.br\/index.php\/wp-json\/wp\/v2\/posts"}],"about":[{"href":"https:\/\/www.sincomam.org.br\/index.php\/wp-json\/wp\/v2\/types\/post"}],"author":[{"embeddable":true,"href":"https:\/\/www.sincomam.org.br\/index.php\/wp-json\/wp\/v2\/users\/1182"}],"replies":[{"embeddable":true,"href":"https:\/\/www.sincomam.org.br\/index.php\/wp-json\/wp\/v2\/comments?post=25275"}],"version-history":[{"count":1,"href":"https:\/\/www.sincomam.org.br\/index.php\/wp-json\/wp\/v2\/posts\/25275\/revisions"}],"predecessor-version":[{"id":25276,"href":"https:\/\/www.sincomam.org.br\/index.php\/wp-json\/wp\/v2\/posts\/25275\/revisions\/25276"}],"wp:featuredmedia":[{"embeddable":true,"href":"https:\/\/www.sincomam.org.br\/index.php\/wp-json\/wp\/v2\/media\/17794"}],"wp:attachment":[{"href":"https:\/\/www.sincomam.org.br\/index.php\/wp-json\/wp\/v2\/media?parent=25275"}],"wp:term":[{"taxonomy":"category","embeddable":true,"href":"https:\/\/www.sincomam.org.br\/index.php\/wp-json\/wp\/v2\/categories?post=25275"},{"taxonomy":"post_tag","embeddable":true,"href":"https:\/\/www.sincomam.org.br\/index.php\/wp-json\/wp\/v2\/tags?post=25275"}],"curies":[{"name":"wp","href":"https:\/\/api.w.org\/{rel}","templated":true}]}}