{"id":25256,"date":"2017-11-09T00:04:48","date_gmt":"2017-11-09T02:04:48","guid":{"rendered":"http:\/\/www.sincomam.org.br\/?p=25256"},"modified":"2017-11-06T00:05:55","modified_gmt":"2017-11-06T02:05:55","slug":"producao-industrial-no-brasil-sobe-02-em-setembro","status":"publish","type":"post","link":"https:\/\/www.sincomam.org.br\/index.php\/producao-industrial-no-brasil-sobe-02-em-setembro\/","title":{"rendered":"Produ\u00e7\u00e3o industrial no Brasil sobe 0,2% em setembro"},"content":{"rendered":"<section class=\"article-content\">\n<p>A produ\u00e7\u00e3o industrial<strong>\u00a0<\/strong>brasileira voltou a subir em setembro ap\u00f3s uma pausa no m\u00eas anterior, por\u00e9m com resultado abaixo do esperado que destaca o ritmo gradual da recupera\u00e7\u00e3o da economia do pa\u00eds.<\/p>\n<p>O Instituto Brasileiro de Geografia e Estat\u00edstica (IBGE) informou que a produ\u00e7\u00e3o industrial registrou alta de 0,2 por cento em setembro sobre o m\u00eas anterior, ap\u00f3s queda de 0,7 por cento em agosto.<\/p>\n<p>A expectativa em pesquisa da Reuters era de alta de 0,6 por cento na compara\u00e7\u00e3o mensal.<\/p>\n<p>Em rela\u00e7\u00e3o ao mesmo m\u00eas de 2016, o setor teve avan\u00e7o de 2,6 por cento, tamb\u00e9m aqu\u00e9m da proje\u00e7\u00e3o de economistas de alta de 3,1 por cento nessa base de compara\u00e7\u00e3o.<\/p>\n<p>\u201cA ind\u00fastria vem mostrando algum tipo de\u00a0<span class=\"wsl-anchor wsl-sponsored-link wsl-concussion-pending\" target=\"_blank\" rel=\"wsl-anchor nofollow\" data-wsl-sponsored-source=\"adnetwork\" data-wsl-advertiser=\"totvs\" data-wsl-format=\"2\" data-wsl-dfp-href=\"https:\/\/adclick.g.doubleclick.net\/pcs\/click?xai=AKAOjsuBWsA7QTB_G-XeZOEeCFKeTj4CRqj0MEGqmcDB4IKoH-omaJeKN_V8y8_06KDbb7vLnflivLPf-ZD0IDQkPLYGCmIF-OSJbbQUQVCy-mPN83tzr-dcO6QZhc9YM_gjVbaoT5eKes7G51mIYvQgouKxuClihxdzD51YZTnC1GZBKKVMBcTYxmlqYWcp2fPOXdLgP7QW3xMTn7E6u0qtqaiIAFZK_3s9zrnC3w&#038;sig=Cg0ArKJSzEUHs2tDEe_cEAE&#038;urlfix=1&#038;adurl=https%3A%2F%2Fwww.totvs.com%2Fbiblioteca%2Fartigo%2F8-conceitos-para-colocar-em-pratica-a-industria-40%3Futm_source%3Dnative%26utm_medium%3Dworldsense%26utm_campaign%3Dbiblioteca%26utm_content%3Dindustria40%26utm_term%3Dmanufatura\" data-wsl-dfp-ad-unit-name=\"adunit4P5640c9d5376a3826\" data-wsl-dfp-targeting=\"{&quot;anchorId&quot;:&quot;8952195332812941&quot;}\" data-wsl-uid=\"8952195332812941\" data-wsl-embed=\"{&quot;anchorText&quot;:&quot;melhora&quot;,&quot;target&quot;:&quot;https:\/\/www.totvs.com\/biblioteca\/artigo\/8-conceitos-para-colocar-em-pratica-a-industria-40?utm_source=native&#038;utm_medium=worldsense&#038;utm_campaign=biblioteca&#038;utm_content=industria40&#038;utm_term=manufatura&quot;,&quot;displayLink&quot;:&quot;www.totvs.com&quot;,&quot;kind&quot;:&quot;sponsored&quot;,&quot;title&quot;:&quot;Descubra com a TOTVS 8 conceitos para colocar em pr\u00e1tica a Ind\u00fastria 4.0&quot;,&quot;description&quot;:&quot;Chegar ao patamar em que possamos considerar uma f\u00e1brica como exemplo de Ind\u00fastria 4.0 passa por alguns crit\u00e9rios essenciais. O conceito b\u00e1sico para ser uma refer\u00eancia neste novo modelo da produ\u00e7\u00e3o industrial seguem alguns passos: Alto n\u00edvel de personaliza\u00e7\u00e3o - Satisfa\u00e7\u00e3o de nichos cada vez mais espec\u00edficos de clientes, at\u00e9 mesmo atendimento um-a-um, literalmente personalizado.&quot;,&quot;thumbnailUrl&quot;:&quot;https:\/\/i.embed.ly\/1\/image?url=https%3A%2F%2Ftotvsdigital.azureedge.net%2Fprod%2Fimages%2Fdefault-source%2Fbps-conteudo%2Fmanufatura%2Fminiatura-industria40-96x96.jpg%3Fsfvrsn%3D0&#038;key=83ceee2ba11b452398a72b6897865120&quot;,&quot;call&quot;:&quot;Melhorias:&quot;,&quot;language&quot;:&quot;pt-BR&quot;,&quot;sponsoredText&quot;:&quot;Patrocinado&quot;,&quot;hoverText&quot;:&quot;Link patrocinado gerado por WorldSense&quot;}\" data-wsl-affiliate-href=\"https:\/\/www.totvs.com\/biblioteca\/artigo\/8-conceitos-para-colocar-em-pratica-a-industria-40?utm_source=native&#038;utm_medium=worldsense&#038;utm_campaign=biblioteca&#038;utm_content=industria40&#038;utm_term=manufatura\" href=\"https:\/\/www.totvs.com\/biblioteca\/artigo\/8-conceitos-para-colocar-em-pratica-a-industria-40\">melhora<\/span>, mas num ritmo lento e gradual. O cen\u00e1rio n\u00e3o mudou e esse \u00e9 o perfil do segmento\u201d, explicou o coordenador da pesquisa no IBGE, Andr\u00e9 Macedo.<span class=\"wsl-preview-container wsl-inline-container wsl-concussion-target wsl-concussion-pending\" data-wsl-kind=\"sponsored\" data-wsl-format=\"2\">\u00a0\u00a0<\/span><\/p>\n<p>Esse cen\u00e1rio fica evidente nas leituras trimestrais. A ind\u00fastria fechou o terceiro trimestre com crescimento de 0,9 por cento sobre o per\u00edodo anterior, ap\u00f3s altas de 1,1 por cento no segundo trimestre e de 1,4 por cento no primeiro trimestre sobre os tr\u00eas \u00faltimos meses de 2016.<\/p>\n<p>Em setembro, segundo o IBGE, somente a categoria de Bens Intermedi\u00e1rios apresentou alta em rela\u00e7\u00e3o a agosto, de 0,7 por cento. A produ\u00e7\u00e3o de Bens de Consumo recuou 0,7 por cento enquanto a de Bens de Capital, uma medida de investimento, caiu 0,3 por cento.<\/p>\n<p>Entre os ramos pesquisados, 8 dos 24 apresentaram ganhos, com destaque para coque, produtos derivados do petr\u00f3leo e biocombust\u00edveis (+6,7 por cento) e produtos aliment\u00edcios (+4,1 por cento).<\/p>\n<p>A confian\u00e7a da ind\u00fastria vem apresentando sinais de melhora e chegou em outubro ao maior patamar desde abril de 2014, segundo a Funda\u00e7\u00e3o Getulio Vargas.<\/p>\n<p>Isso em um ambiente no pa\u00eds de infla\u00e7\u00e3o e juros baixos de forma cont\u00ednua, o que incentiva o consumo e vem ajudando na recupera\u00e7\u00e3o econ\u00f4mica, embora a retomada do emprego ainda seja baseada no trabalho informal.<\/p>\n<p>\u201cA ind\u00fastria \u00e9 um setor que ainda n\u00e3o tem f\u00f4lego para trajet\u00f3ria de recupera\u00e7\u00e3o consolidada. A quest\u00e3o \u00e9 que o mercado dom\u00e9stico ainda n\u00e3o est\u00e1 consolidado e aquecido, at\u00e9 pelo perfil de contrata\u00e7\u00f5es informais\u201d, completou Macedo.<\/p>\n<\/section>\n<section class=\"article-tags\">Fonte: Exame<\/section>\n","protected":false},"excerpt":{"rendered":"<p>A produ\u00e7\u00e3o industrial\u00a0brasileira voltou a subir em setembro ap\u00f3s uma pausa no m\u00eas anterior, por\u00e9m com resultado abaixo do esperado que destaca o ritmo gradual&#8230;<\/p>\n","protected":false},"author":1182,"featured_media":20479,"comment_status":"closed","ping_status":"closed","sticky":false,"template":"","format":"standard","meta":{"footnotes":""},"categories":[6],"tags":[],"class_list":["post-25256","post","type-post","status-publish","format-standard","has-post-thumbnail","hentry","category-noticias"],"_links":{"self":[{"href":"https:\/\/www.sincomam.org.br\/index.php\/wp-json\/wp\/v2\/posts\/25256","targetHints":{"allow":["GET"]}}],"collection":[{"href":"https:\/\/www.sincomam.org.br\/index.php\/wp-json\/wp\/v2\/posts"}],"about":[{"href":"https:\/\/www.sincomam.org.br\/index.php\/wp-json\/wp\/v2\/types\/post"}],"author":[{"embeddable":true,"href":"https:\/\/www.sincomam.org.br\/index.php\/wp-json\/wp\/v2\/users\/1182"}],"replies":[{"embeddable":true,"href":"https:\/\/www.sincomam.org.br\/index.php\/wp-json\/wp\/v2\/comments?post=25256"}],"version-history":[{"count":1,"href":"https:\/\/www.sincomam.org.br\/index.php\/wp-json\/wp\/v2\/posts\/25256\/revisions"}],"predecessor-version":[{"id":25257,"href":"https:\/\/www.sincomam.org.br\/index.php\/wp-json\/wp\/v2\/posts\/25256\/revisions\/25257"}],"wp:featuredmedia":[{"embeddable":true,"href":"https:\/\/www.sincomam.org.br\/index.php\/wp-json\/wp\/v2\/media\/20479"}],"wp:attachment":[{"href":"https:\/\/www.sincomam.org.br\/index.php\/wp-json\/wp\/v2\/media?parent=25256"}],"wp:term":[{"taxonomy":"category","embeddable":true,"href":"https:\/\/www.sincomam.org.br\/index.php\/wp-json\/wp\/v2\/categories?post=25256"},{"taxonomy":"post_tag","embeddable":true,"href":"https:\/\/www.sincomam.org.br\/index.php\/wp-json\/wp\/v2\/tags?post=25256"}],"curies":[{"name":"wp","href":"https:\/\/api.w.org\/{rel}","templated":true}]}}