{"id":25248,"date":"2017-11-08T00:57:25","date_gmt":"2017-11-08T02:57:25","guid":{"rendered":"http:\/\/www.sincomam.org.br\/?p=25248"},"modified":"2017-11-06T00:00:07","modified_gmt":"2017-11-06T02:00:07","slug":"drama-dos-imigrantes-venezuelanos-aumenta-no-norte-do-brasil","status":"publish","type":"post","link":"https:\/\/www.sincomam.org.br\/index.php\/drama-dos-imigrantes-venezuelanos-aumenta-no-norte-do-brasil\/","title":{"rendered":"Drama dos imigrantes venezuelanos aumenta no norte do Brasil"},"content":{"rendered":"<p>Milhares de venezuelanos\u00a0deixam o pa\u00eds em busca de uma nova vida no Brasil, especialmente no estado de Roraima, que pediu ajuda ao governo do presidente Michel Temer para lidar com o fluxo de pedidos de ref\u00fagio no \u00faltimo ano.<\/p>\n<p>Segundo estimativas oficiais, apenas pelo estado passaram 30 mil imigrantes venezuelanos desde 2016, quando a crise enfrentada pela Venezuela for\u00e7ou o \u00eaxodo dessas pessoas.<\/p>\n<p>Entre janeiro e setembro, as solicita\u00e7\u00f5es de ref\u00fagio feitas \u00e0s autoridades locais chegam a 12.193, um n\u00famero cinco vezes maior ao total do tri\u00eanio 2014-2016.<\/p>\n<p>Fontes oficiais apontam que a maior parte dos pedidos \u00e9 aprovada e que quase a metade deles foi autorizada entre julho e setembro, coincidindo com o per\u00edodo de instala\u00e7\u00e3o da Assembleia Constituinte convocada pelo presidente da Venezuela, Nicol\u00e1s Maduro.<\/p>\n<p>A falta de infraestrutura para atender a chegada de venezuelanos tem provocado problemas em Roraima desde 2016.<\/p>\n<p>Nesta semana, a Pol\u00edcia Militar retirou \u00e0 for\u00e7a cerca de 400 imigrantes venezuelanos que viviam h\u00e1 seis meses em um acampamento improvisado nos arredores do Terminal Internacional de Transportes de Boa Vista, capital do estado, e os levou para um gin\u00e1sio transformado em albergue.<\/p>\n<p>\u201cEssas pessoas estavam em situa\u00e7\u00e3o de vulnerabilidade e algumas crian\u00e7as, segundo den\u00fancias que recebemos, estavam sendo exploradas\u201d, afirmou \u00e0 Ag\u00eancia Efe o coronel da Defesa Civil de Roraima, Doriedson Ribeiro.<\/p>\n<p>\u201cAgora eles receber\u00e3o atendimento em sa\u00fade, as crian\u00e7as ser\u00e3o levadas \u00e0 escola e os adultos encaminhados ao mercado de trabalho\u201d, completou o coronel.<\/p>\n<p>Jos\u00e9 Ram\u00edrez Contreras, um jardineiro que chegou a Roraima vindo de San Crist\u00f3bal, no estado venezuelano de T\u00e1chira, afirma que o novo alojamento \u00e9 mais \u201cc\u00f4modo\u201d que o acampamento de rua.<\/p>\n<p>\u201cA alimenta\u00e7\u00e3o \u00e9 boa: com caf\u00e9 da manh\u00e3, lanche e jantar. A situa\u00e7\u00e3o na Venezuela estava brava. N\u00e3o h\u00e1 comida nem emprego\u201d, afirmou.<\/p>\n<p>Uma das respons\u00e1veis pela alimenta\u00e7\u00e3o no albergue, Deyanira Sotillo destaca o trabalho comunit\u00e1rio e as melhores condi\u00e7\u00f5es de sa\u00fade que tem agora.<\/p>\n<p>No entanto, a complexa situa\u00e7\u00e3o fez com que o Minist\u00e9rio P\u00fablico e ONGs se mobilizassem com a\u00e7\u00f5es judiciais e com a\u00e7\u00f5es nas redes sociais para pedir uma maior aten\u00e7\u00e3o aos imigrantes por parte do governo federal.<\/p>\n<p>Segundo o Minist\u00e9rio P\u00fablico, o despejo dos imigrantes foi uma \u201ca\u00e7\u00e3o pela for\u00e7a\u201d da PM. E o gin\u00e1sio para onde os venezuelanos foram levados n\u00e3o conta com a infraestrutura necess\u00e1ria para receb\u00ea-los.<\/p>\n<p>De acordo com a Pol\u00edcia Federal, a maioria dos venezuelanos que chega a Roraima vem de Caracas e 58% deles s\u00e3o homens com idades entre 22 e 25 anos.<\/p>\n<p>A maior parte desse grupo de homens jovens s\u00e3o estudantes (17,93%), seguidos pelos formados em economia (7,83%), engenharia (6,21%) e medicina (4,83%). No entanto, por causa da pouca oferta de trabalho na regi\u00e3o, passaram a ocupar empregos que exigem menos qualifica\u00e7\u00e3o ou informais.<\/p>\n<p>Muitos, inclusive, trabalham como vendedores ambulantes ou se oferecem para limpar vidros dos carros em sem\u00e1foros.<\/p>\n<p>Segundo o Minist\u00e9rio do Trabalho, durante os sete primeiros meses do ano foram expedidas 3 mil autoriza\u00e7\u00f5es de trabalho formal para venezuelanos, um n\u00famero muito superior \u00e0s 1.331 do ano passado.<\/p>\n","protected":false},"excerpt":{"rendered":"<p>Milhares de venezuelanos\u00a0deixam o pa\u00eds em busca de uma nova vida no Brasil, especialmente no estado de Roraima, que pediu ajuda ao governo do presidente&#8230;<\/p>\n","protected":false},"author":1182,"featured_media":17807,"comment_status":"closed","ping_status":"closed","sticky":false,"template":"","format":"standard","meta":{"footnotes":""},"categories":[6],"tags":[],"class_list":["post-25248","post","type-post","status-publish","format-standard","has-post-thumbnail","hentry","category-noticias"],"_links":{"self":[{"href":"https:\/\/www.sincomam.org.br\/index.php\/wp-json\/wp\/v2\/posts\/25248","targetHints":{"allow":["GET"]}}],"collection":[{"href":"https:\/\/www.sincomam.org.br\/index.php\/wp-json\/wp\/v2\/posts"}],"about":[{"href":"https:\/\/www.sincomam.org.br\/index.php\/wp-json\/wp\/v2\/types\/post"}],"author":[{"embeddable":true,"href":"https:\/\/www.sincomam.org.br\/index.php\/wp-json\/wp\/v2\/users\/1182"}],"replies":[{"embeddable":true,"href":"https:\/\/www.sincomam.org.br\/index.php\/wp-json\/wp\/v2\/comments?post=25248"}],"version-history":[{"count":1,"href":"https:\/\/www.sincomam.org.br\/index.php\/wp-json\/wp\/v2\/posts\/25248\/revisions"}],"predecessor-version":[{"id":25249,"href":"https:\/\/www.sincomam.org.br\/index.php\/wp-json\/wp\/v2\/posts\/25248\/revisions\/25249"}],"wp:featuredmedia":[{"embeddable":true,"href":"https:\/\/www.sincomam.org.br\/index.php\/wp-json\/wp\/v2\/media\/17807"}],"wp:attachment":[{"href":"https:\/\/www.sincomam.org.br\/index.php\/wp-json\/wp\/v2\/media?parent=25248"}],"wp:term":[{"taxonomy":"category","embeddable":true,"href":"https:\/\/www.sincomam.org.br\/index.php\/wp-json\/wp\/v2\/categories?post=25248"},{"taxonomy":"post_tag","embeddable":true,"href":"https:\/\/www.sincomam.org.br\/index.php\/wp-json\/wp\/v2\/tags?post=25248"}],"curies":[{"name":"wp","href":"https:\/\/api.w.org\/{rel}","templated":true}]}}