{"id":25246,"date":"2017-11-07T00:00:46","date_gmt":"2017-11-07T02:00:46","guid":{"rendered":"http:\/\/www.sincomam.org.br\/?p=25246"},"modified":"2017-11-05T23:57:16","modified_gmt":"2017-11-06T01:57:16","slug":"enem-2017-tema-da-redacao-aborda-educacao-de-surdos-no-pais","status":"publish","type":"post","link":"https:\/\/www.sincomam.org.br\/index.php\/enem-2017-tema-da-redacao-aborda-educacao-de-surdos-no-pais\/","title":{"rendered":"Enem 2017: tema da reda\u00e7\u00e3o aborda educa\u00e7\u00e3o de surdos no pa\u00eds"},"content":{"rendered":"<p>O tema da reda\u00e7\u00e3o do Enem 2017 \u00e9 \u201cDesafios para a forma\u00e7\u00e3o educacional de surdos no Brasil\u201d. A informa\u00e7\u00e3o foi divulgada neste domingo, logo ap\u00f3s o fechamento dos port\u00f5es (13h30), pela p\u00e1gina do Facebook do Minist\u00e9rio da Educa\u00e7\u00e3o (MEC).<\/p>\n<section class=\"article-content\">\n<p><span>O tema deste ano segue a tend\u00eancia de abordar assuntos sociais. No passado, j\u00e1 foram assunto da reda\u00e7\u00e3o do Enem a intoler\u00e2ncia religiosa,\u00a0 a viol\u00eancia contra a mulher, a publicidade infantil, a lei seca e o movimento imigrat\u00f3rio.<\/span><\/p>\n<p>Segundo o MEC, a estrutura do\u00a0<span>texto deve ser dissertativo-argumentativo, com at\u00e9 30 linhas, desenvolvido a partir da situa\u00e7\u00e3o proposta no tema e de subs\u00eddios oferecidos pelos textos motivadores.<\/span><\/p>\n<p><span>\u201cO texto \u00e9 dissertativo porque disserta sobre um assunto proposto, descreve-o e explica-o. \u00c9 tamb\u00e9m argumentativo porque defende uma opini\u00e3o e tenta convencer o leitor com argumentos. O material precisa ser opinativo e organizado para a defesa de um ponto de vista, j\u00e1 que a opini\u00e3o do autor deve estar fundamentada com explica\u00e7\u00f5es e argumentos\u201d, afirma o Minist\u00e9rio da Educa\u00e7\u00e3o.<\/span><\/p>\n<p><span>Ainda de acordo com o MEC, s\u00f3 receber\u00e1 nota zero quem tiver uma fuga total ao tema; n\u00e3o obedi\u00eancia \u00e0 estrutura dissertativo-argumentativa; c\u00f3pia integral de texto motivador da proposta de reda\u00e7\u00e3o e\/ou de textos motivadores do caderno de quest\u00f5es; improp\u00e9rios, desenhos e outras formas propositais de anula\u00e7\u00e3o.<\/span><\/p>\n<p><span>Neste ano, a reda\u00e7\u00e3o est\u00e1 sendo aplicada pela primeira vez no primeiro dia do exame, junto com\u00a0as provas de Linguagens, c\u00f3digos e suas tecnologias; e Ci\u00eancias humanas e suas tecnologias, que somam 90 quest\u00f5es de m\u00faltipla escolha.<\/span><\/p>\n<p>Os estudantes t\u00eam at\u00e9 5 horas e 30 minutos para resolver todas as quest\u00f5es, al\u00e9m da reda\u00e7\u00e3o.\u00a0<span>Aqueles com direito a tempo adicional e que solicitaram o recurso durante a inscri\u00e7\u00e3o ter\u00e3o uma hora a mais. Deficientes auditivos e surdos que optaram fazer a videoprova traduzida em libras, novidade desta edi\u00e7\u00e3o, ter\u00e3o duas horas a mais de prova.\u00a0<\/span><\/p>\n<p>Para mais de 6,7 milh\u00f5es de pessoas, essa \u00e9 a chance de garantir uma vaga em diversas institui\u00e7\u00f5es de ensino superior e de acessar programas de financiamento, como o Fies, e de bolsas, como o Programa Universidade para Todos (ProUni). A divulga\u00e7\u00e3o do gabarito ocorrer\u00e1 no dia 16 de dezembro e, em janeiro de 2018, divulgam-se os resultados individuais.\u00a0<\/p>\n<p><span>A pr\u00f3xima etapa do Enem ser\u00e1 no domingo seguinte.\u00a0<\/span><\/p>\n<h3>Direitos Humanos<\/h3>\n<p>Ontem, a presidente do Supremo Tribunal Federal (STF), ministra C\u00e1rmen L\u00facia, negou os pedidos de liminar feitos pela Procuradoria-Geral da Rep\u00fablica (PGR) e pela Advocacia-Geral da Uni\u00e3o (AGU), que queriam permitir a anula\u00e7\u00e3o das reda\u00e7\u00f5es que desrespeitem direitos humanos. Ferir os direitos humanos anulou 0,08% das reda\u00e7\u00f5es do Enem 2016.<\/p>\n<p><span>A partir da decis\u00e3o, o MEC e o Inep ( Instituto Nacional de Estudos e Pesquisas Educacionais An\u00edsio Teixeira) decidiram acatar a decis\u00e3o sem recorrer ao Plen\u00e1rio do STF, garantindo que estudantes pudessem possam fazer a prova com seguran\u00e7a jur\u00eddica e com a tranquilidade necess\u00e1ria ao exame. Dessa forma, n\u00e3o ser\u00e1 atribu\u00edda nota zero \u00e0 reda\u00e7\u00e3o que violar os direitos humanos.<\/p>\n<p>Fonte: Exame<\/span><\/p>\n<\/section>\n","protected":false},"excerpt":{"rendered":"<p>O tema da reda\u00e7\u00e3o do Enem 2017 \u00e9 \u201cDesafios para a forma\u00e7\u00e3o educacional de surdos no Brasil\u201d. A informa\u00e7\u00e3o foi divulgada neste domingo, logo ap\u00f3s&#8230;<\/p>\n","protected":false},"author":1182,"featured_media":17971,"comment_status":"closed","ping_status":"closed","sticky":false,"template":"","format":"standard","meta":{"footnotes":""},"categories":[6],"tags":[],"class_list":["post-25246","post","type-post","status-publish","format-standard","has-post-thumbnail","hentry","category-noticias"],"_links":{"self":[{"href":"https:\/\/www.sincomam.org.br\/index.php\/wp-json\/wp\/v2\/posts\/25246","targetHints":{"allow":["GET"]}}],"collection":[{"href":"https:\/\/www.sincomam.org.br\/index.php\/wp-json\/wp\/v2\/posts"}],"about":[{"href":"https:\/\/www.sincomam.org.br\/index.php\/wp-json\/wp\/v2\/types\/post"}],"author":[{"embeddable":true,"href":"https:\/\/www.sincomam.org.br\/index.php\/wp-json\/wp\/v2\/users\/1182"}],"replies":[{"embeddable":true,"href":"https:\/\/www.sincomam.org.br\/index.php\/wp-json\/wp\/v2\/comments?post=25246"}],"version-history":[{"count":1,"href":"https:\/\/www.sincomam.org.br\/index.php\/wp-json\/wp\/v2\/posts\/25246\/revisions"}],"predecessor-version":[{"id":25247,"href":"https:\/\/www.sincomam.org.br\/index.php\/wp-json\/wp\/v2\/posts\/25246\/revisions\/25247"}],"wp:featuredmedia":[{"embeddable":true,"href":"https:\/\/www.sincomam.org.br\/index.php\/wp-json\/wp\/v2\/media\/17971"}],"wp:attachment":[{"href":"https:\/\/www.sincomam.org.br\/index.php\/wp-json\/wp\/v2\/media?parent=25246"}],"wp:term":[{"taxonomy":"category","embeddable":true,"href":"https:\/\/www.sincomam.org.br\/index.php\/wp-json\/wp\/v2\/categories?post=25246"},{"taxonomy":"post_tag","embeddable":true,"href":"https:\/\/www.sincomam.org.br\/index.php\/wp-json\/wp\/v2\/tags?post=25246"}],"curies":[{"name":"wp","href":"https:\/\/api.w.org\/{rel}","templated":true}]}}