{"id":25244,"date":"2017-11-07T00:20:20","date_gmt":"2017-11-07T02:20:20","guid":{"rendered":"http:\/\/www.sincomam.org.br\/?p=25244"},"modified":"2017-11-05T23:54:35","modified_gmt":"2017-11-06T01:54:35","slug":"macri-corta-imposto-e-trigo-argentino-retorna-a-gloria-do-passado","status":"publish","type":"post","link":"https:\/\/www.sincomam.org.br\/index.php\/macri-corta-imposto-e-trigo-argentino-retorna-a-gloria-do-passado\/","title":{"rendered":"Macri corta imposto e trigo argentino retorna \u00e0 gl\u00f3ria do passado"},"content":{"rendered":"<section class=\"article-content\">\n<p>O triunfo do presidente da Argentina, Mauricio Macri, nas elei\u00e7\u00f5es legislativas n\u00e3o apenas animou seus apoiadores e impulsionou a alta dos t\u00edtulos da d\u00edvida, como tamb\u00e9m alimentou os sonhos dos produtores de trigo do pa\u00eds de atingir os patamares elevados do passado.<\/p>\n<p>O plantio j\u00e1 se recuperou para 5,45 milh\u00f5es de hectares nessa safra, maior \u00e1rea em uma d\u00e9cada, segundo a Bolsa de Cereais de Buenos Aires. Como os produtores continuam respondendo \u00e0s pol\u00edticas de Macri para promover as exporta\u00e7\u00f5es, n\u00e3o demorar\u00e1 para que plantem ainda mais, disse David Hughes, presidente da Associa\u00e7\u00e3o Argentina do Trigo (ArgenTrigo).<\/p>\n<p>\u201cO governo anterior nos anulou, mas agora podemos facilmente superar os 6 milh\u00f5es de hectares\u201d, disse Hughes.<\/p>\n<p>Essa \u00e9 a quantidade que os produtores argentinos plantavam no in\u00edcio dos anos 2000, antes do confronto com a ex-presidente Cristina Kirchner relacionado aos impostos \u00e0s exporta\u00e7\u00f5es. No segundo mandato dela, de 2011 a 2015, o plantio atingiu o menor n\u00edvel desde o in\u00edcio dos anos 1900, mostram dados do Minist\u00e9rio da Agroind\u00fastria.<\/p>\n<p>Macri eliminou o imposto de 23 por cento aplicado \u00e0 exporta\u00e7\u00e3o de trigo ao assumir, em dezembro de 2015. Nos \u00faltimos tempos, ele vem abrindo novos mercados para garantir clientes para o gr\u00e3o excedente n\u00e3o adquirido pelo Brasil, maior comprador da Argentina. Isto em breve poder\u00e1 representar problemas para os produtores que n\u00e3o aderirem a controles sanit\u00e1rios maiores, disse Hughes.<\/p>\n<p>Fonte: Exame<\/p>\n<\/section>\n<section class=\"article-tags\"><\/section>\n","protected":false},"excerpt":{"rendered":"<p>O triunfo do presidente da Argentina, Mauricio Macri, nas elei\u00e7\u00f5es legislativas n\u00e3o apenas animou seus apoiadores e impulsionou a alta dos t\u00edtulos da d\u00edvida, como&#8230;<\/p>\n","protected":false},"author":1182,"featured_media":22306,"comment_status":"closed","ping_status":"closed","sticky":false,"template":"","format":"standard","meta":{"footnotes":""},"categories":[6],"tags":[],"class_list":["post-25244","post","type-post","status-publish","format-standard","has-post-thumbnail","hentry","category-noticias"],"_links":{"self":[{"href":"https:\/\/www.sincomam.org.br\/index.php\/wp-json\/wp\/v2\/posts\/25244","targetHints":{"allow":["GET"]}}],"collection":[{"href":"https:\/\/www.sincomam.org.br\/index.php\/wp-json\/wp\/v2\/posts"}],"about":[{"href":"https:\/\/www.sincomam.org.br\/index.php\/wp-json\/wp\/v2\/types\/post"}],"author":[{"embeddable":true,"href":"https:\/\/www.sincomam.org.br\/index.php\/wp-json\/wp\/v2\/users\/1182"}],"replies":[{"embeddable":true,"href":"https:\/\/www.sincomam.org.br\/index.php\/wp-json\/wp\/v2\/comments?post=25244"}],"version-history":[{"count":1,"href":"https:\/\/www.sincomam.org.br\/index.php\/wp-json\/wp\/v2\/posts\/25244\/revisions"}],"predecessor-version":[{"id":25245,"href":"https:\/\/www.sincomam.org.br\/index.php\/wp-json\/wp\/v2\/posts\/25244\/revisions\/25245"}],"wp:featuredmedia":[{"embeddable":true,"href":"https:\/\/www.sincomam.org.br\/index.php\/wp-json\/wp\/v2\/media\/22306"}],"wp:attachment":[{"href":"https:\/\/www.sincomam.org.br\/index.php\/wp-json\/wp\/v2\/media?parent=25244"}],"wp:term":[{"taxonomy":"category","embeddable":true,"href":"https:\/\/www.sincomam.org.br\/index.php\/wp-json\/wp\/v2\/categories?post=25244"},{"taxonomy":"post_tag","embeddable":true,"href":"https:\/\/www.sincomam.org.br\/index.php\/wp-json\/wp\/v2\/tags?post=25244"}],"curies":[{"name":"wp","href":"https:\/\/api.w.org\/{rel}","templated":true}]}}