{"id":25242,"date":"2017-11-07T00:00:11","date_gmt":"2017-11-07T02:00:11","guid":{"rendered":"http:\/\/www.sincomam.org.br\/?p=25242"},"modified":"2017-11-06T00:06:45","modified_gmt":"2017-11-06T02:06:45","slug":"uma-nova-pesquisa-divulgada-um-ano-apos-a-surpreendente-vitoria-de-donald-trump-nas-eleicoes-de-2016-mostrou-que-o-presidente-americano-esta-sofrendo-uma-queda-historica-nos-indices-de-aprovacao-enqu","status":"publish","type":"post","link":"https:\/\/www.sincomam.org.br\/index.php\/uma-nova-pesquisa-divulgada-um-ano-apos-a-surpreendente-vitoria-de-donald-trump-nas-eleicoes-de-2016-mostrou-que-o-presidente-americano-esta-sofrendo-uma-queda-historica-nos-indices-de-aprovacao-enqu\/","title":{"rendered":"Senado paga despesas da Casa da Dinda para Collor"},"content":{"rendered":"<section class=\"article-content\">\n<p>A Casa da Dinda, um dos principais s\u00edmbolos do governo do ex-presidente Fernando Color, tem atualmente despesas mantidas com verba do Senado, passados 25 anos de seu processo de impeachment. L\u00edder do PTC na Casa, o senador por Alagoas gasta cerca de R$ 40 mil mensais de sua cota parlamentar com seguran\u00e7a, conserva\u00e7\u00e3o, limpeza e jardinagem na propriedade de sua fam\u00edlia.<\/p>\n<p>O Guia do Parlamentar, por\u00e9m, estabelece que o Senado n\u00e3o disp\u00f5e de servi\u00e7os de manuten\u00e7\u00e3o e limpeza para resid\u00eancias privadas de parlamentares. Collor ocupa um apartamento funcional mantido pelo Congresso, em Bras\u00edlia, que j\u00e1 inclui esses servi\u00e7os pagos com recursos p\u00fablicos.<\/p>\n<p>Entre janeiro e outubro deste ano, Collor usou R$ 264.624,12 de sua cota parlamentar para pagar \u201cseguran\u00e7a privada\u201d terceirizada na Casa da Dinda. Desde 2011, foram quase R$ 3 milh\u00f5es destinados \u00e0 mesma empresa.<\/p>\n<p>As regras sobre a cota parlamentar n\u00e3o explicitam se o uso da verba em seguran\u00e7a \u00e9 proibido. Embora haja um artigo permitindo a destina\u00e7\u00e3o da cota parlamentar para \u201cservi\u00e7os de seguran\u00e7a prestados por empresa especializada\u201d, o gasto com vigil\u00e2ncia patrimonial s\u00f3 poderia ser feito em escrit\u00f3rios de apoio dos senadores nos Estados de origem. De acordo com o Regimento Interno do Senado, aplicar recursos \u201crecebidos em atividades que n\u00e3o correspondam rigorosamente \u00e0s suas finalidades estatut\u00e1rias\u201d \u00e9 considerado \u201cirregularidade grave\u201d.<\/p>\n<p>Funcion\u00e1rios da Avan\u00e7o Service Conserva\u00e7\u00e3o e Limpeza e Citel Service, que trabalham na Casa da Dinda, disseram ao jornal \u201cO Estado de S.Paulo\u201d que cuidam da propriedade do parlamentar h\u00e1 sete anos. Eles confirmaram que s\u00e3o respons\u00e1veis por terceirizar funcion\u00e1rios para jardinagem, limpeza, conserva\u00e7\u00e3o e seguran\u00e7a.<\/p>\n<p>A reportagem foi \u00e0 resid\u00eancia e verificou que terceirizados trabalham no local. Atualmente, s\u00e3o dois jardineiros, dois funcion\u00e1rios respons\u00e1veis pela limpeza interna da casa e pelo menos seis seguran\u00e7as, al\u00e9m do sistema de vigil\u00e2ncia eletr\u00f4nico.<\/p>\n<p><strong>Recibos<\/strong><\/p>\n<p>Nas notas apresentadas por Collor ao Senado, de 2011 a abril deste ano, constam pagamentos mensais \u00e0 empresa Citel Service. A partir de junho, ele aumentou as despesas e contratou a Avan\u00e7o Service. Contatados pelo Estado em dias diferentes e em n\u00fameros distintos de telefones, os mesmos funcion\u00e1rios atenderam \u00e0s chamadas e disseram se tratar da mesma empresa. O senador deixou em branco nos comprovantes de pagamento a \u00e1rea que pede a descri\u00e7\u00e3o dos servi\u00e7os.<\/p>\n<p>Em seis anos, Collor aumentou as despesas na \u00e1rea de seguran\u00e7a privada. H\u00e1 seis anos, os gastos na \u00e1rea representavam um quarto de sua cota anual (R$ 107,6 mil de R$ 398 mil usados). J\u00e1 em 2016, a propor\u00e7\u00e3o foi invertida: o senador do PTC gastou R$ 314,4 mil com seguran\u00e7a, de um total de R$ 420,4 mil da cota.<\/p>\n<p>A fiscaliza\u00e7\u00e3o da destina\u00e7\u00e3o da cota parlamentar cabe ao Senado.<\/p>\n<p><strong>Defesas<\/strong><\/p>\n<p>Procurada, a assessoria da Casa afirmou que o uso dos recursos \u00e9 de responsabilidade de cada senador, \u201cque firma um termo no qual atesta que o servi\u00e7o foi efetivamente prestado\u201d. A assessoria do Senado n\u00e3o respondeu se h\u00e1 irregularidades no caso de Collor.<\/p>\n<p>A assessoria do parlamentar negou que ele desvirtue a cota e informou que n\u00e3o poderia especificar quais s\u00e3o os servi\u00e7os contratados por envolver quest\u00f5es de seguran\u00e7a.<\/p>\n<p>Por ser ex-presidente, Collor j\u00e1 tem direito a oito cargos de confian\u00e7a, para seguran\u00e7a e apoio pessoal, assessoria e motorista. Dois carros oficiais tamb\u00e9m ficam \u00e0 sua disposi\u00e7\u00e3o. Hoje, sete servidores trabalham para Collor. Segundo dados do Portal da Transpar\u00eancia, os gastos somam quase R$ 100 mil por m\u00eas e superam R$ 1 milh\u00e3o ao ano. De acordo com a assessoria de Collor, ele \u201cn\u00e3o \u00e9 obrigado\u201d a alocar os servidores da Presid\u00eancia em seguran\u00e7a. As informa\u00e7\u00f5es s\u00e3o do jornal O Estado de S. Paulo.<\/p>\n<\/section>\n<section class=\"article-tags\"><\/section>\n","protected":false},"excerpt":{"rendered":"<p>A Casa da Dinda, um dos principais s\u00edmbolos do governo do ex-presidente Fernando Color, tem atualmente despesas mantidas com verba do Senado, passados 25 anos&#8230;<\/p>\n","protected":false},"author":1182,"featured_media":19738,"comment_status":"closed","ping_status":"closed","sticky":false,"template":"","format":"standard","meta":{"footnotes":""},"categories":[6],"tags":[],"class_list":["post-25242","post","type-post","status-publish","format-standard","has-post-thumbnail","hentry","category-noticias"],"_links":{"self":[{"href":"https:\/\/www.sincomam.org.br\/index.php\/wp-json\/wp\/v2\/posts\/25242","targetHints":{"allow":["GET"]}}],"collection":[{"href":"https:\/\/www.sincomam.org.br\/index.php\/wp-json\/wp\/v2\/posts"}],"about":[{"href":"https:\/\/www.sincomam.org.br\/index.php\/wp-json\/wp\/v2\/types\/post"}],"author":[{"embeddable":true,"href":"https:\/\/www.sincomam.org.br\/index.php\/wp-json\/wp\/v2\/users\/1182"}],"replies":[{"embeddable":true,"href":"https:\/\/www.sincomam.org.br\/index.php\/wp-json\/wp\/v2\/comments?post=25242"}],"version-history":[{"count":2,"href":"https:\/\/www.sincomam.org.br\/index.php\/wp-json\/wp\/v2\/posts\/25242\/revisions"}],"predecessor-version":[{"id":25258,"href":"https:\/\/www.sincomam.org.br\/index.php\/wp-json\/wp\/v2\/posts\/25242\/revisions\/25258"}],"wp:featuredmedia":[{"embeddable":true,"href":"https:\/\/www.sincomam.org.br\/index.php\/wp-json\/wp\/v2\/media\/19738"}],"wp:attachment":[{"href":"https:\/\/www.sincomam.org.br\/index.php\/wp-json\/wp\/v2\/media?parent=25242"}],"wp:term":[{"taxonomy":"category","embeddable":true,"href":"https:\/\/www.sincomam.org.br\/index.php\/wp-json\/wp\/v2\/categories?post=25242"},{"taxonomy":"post_tag","embeddable":true,"href":"https:\/\/www.sincomam.org.br\/index.php\/wp-json\/wp\/v2\/tags?post=25242"}],"curies":[{"name":"wp","href":"https:\/\/api.w.org\/{rel}","templated":true}]}}