{"id":25234,"date":"2017-11-06T00:00:54","date_gmt":"2017-11-06T02:00:54","guid":{"rendered":"http:\/\/www.sincomam.org.br\/?p=25234"},"modified":"2017-11-05T23:35:41","modified_gmt":"2017-11-06T01:35:41","slug":"russia-aumenta-restricoes-a-carne-importada-do-brasil","status":"publish","type":"post","link":"https:\/\/www.sincomam.org.br\/index.php\/russia-aumenta-restricoes-a-carne-importada-do-brasil\/","title":{"rendered":"R\u00fassia aumenta restri\u00e7\u00f5es \u00e0 carne importada do Brasil"},"content":{"rendered":"<p>A R\u00fassia aumentou as restri\u00e7\u00f5es para a carne brasileira nos \u00faltimos dias de outubro. A autoridade sanit\u00e1ria do pa\u00eds proibiu temporariamente a importa\u00e7\u00e3o de um frigor\u00edfico brasileiro e imp\u00f4s controles sanit\u00e1rios mais r\u00edgidos a outros cinco.<\/p>\n<p>Em 2016, a R\u00fassia foi o quarto maior mercado para a carne brasileira, atr\u00e1s apenas da China, Hong Kong e Ar\u00e1bia Saudita. O pa\u00eds importou cerca de US$ 1 bilh\u00e3o do Brasil em 2016, cerca de 7,5% do total.<\/p>\n<p>Por meio de nota, o Minist\u00e9rio da Agricultura, Pecu\u00e1ria e Abastecimento afirma que n\u00e3o foi notificado sobre a decis\u00e3o da R\u00fassia.<\/p>\n<p>De acordo com o Servi\u00e7o Federal de Vigil\u00e2ncia Sanit\u00e1ria e Veterin\u00e1ria na R\u00fassia, os controles sanit\u00e1rios ser\u00e3o ampliados para cinco empresas brasileiras. O motivo \u00e9 que foram encontradas subst\u00e2ncias fora dos padr\u00f5es sanit\u00e1rios russos. <\/p>\n<p>A R\u00fassia tamb\u00e9m suspendeu temporariamente as importa\u00e7\u00f5es de carne do frigor\u00edfico Mata Boi e far\u00e1 inspe\u00e7\u00f5es adicionais nos produtos j\u00e1 embarcados.<\/p>\n<p>O frigor\u00edfico Frigon informou n\u00e3o ter sido comunicado oficialmente da decis\u00e3o e &#8220;que continua exportando normalmente para a R\u00fassia&#8221;. Disse ainda cumprir &#8220;rigorosamente com todas as normas estabelecidas pelo Minist\u00e9rio da Agricultura&#8221;.<\/p>\n<p>Em nota, a Frigoestrela afirmou que ainda n\u00e3o foi informada oficialmente sobre nenhuma restri\u00e7\u00e3o e que segue todos os procedimentos e controles de produ\u00e7\u00e3o exigidos pela R\u00fassia, incluindo an\u00e1lises realizadas por laborat\u00f3rios credenciados.<\/p>\n<p>O G1 entrou em contato ainda com os frigor\u00edficos JBS e aguarda posicionamento. O G1 n\u00e3o conseguiu contato com os frigor\u00edficos Frigol, Aurora e Mata Boi.<\/p>\n<p><strong>Carne Fraca<\/strong><\/p>\n<p>Desde a Opera\u00e7\u00e3o Carne Fraca, deflagrada pela Pol\u00edcia Federal em mar\u00e7o deste ano, diversos pa\u00edses adotaram medidas restritivas \u00e0 carne brasileira.<\/p>\n<p>Ap\u00f3s o esc\u00e2ndalo, a Uni\u00e3o Europeia trouxe uma equipe de auditoria ao Brasil para inspecionar a carne brasileira. No relat\u00f3rio da miss\u00e3o, a UE apontou que encontrou mais de 100 focos de contamina\u00e7\u00e3o na carne brasileira, 77 deles devido \u00e0 presen\u00e7a de salmonela em aves.<\/p>\n<p>A UE amea\u00e7ou tomar medidas mais r\u00edgidas contra o Brasil se o pa\u00eds n\u00e3o tomasse medidas convincentes.<\/p>\n<p>Em junho, os EUA suspenderam a importa\u00e7\u00e3o de carne bovina in natura do Brasil por problemas de qualidade. Na ocasi\u00e3o, os produtores disseram que o gado sofreu uma rea\u00e7\u00e3o \u00e0 vacina de febre aftosa.<\/p>\n<p>O ministro da Agricultura, Blairo Maggi, disse neste s\u00e1bado que as restri\u00e7\u00f5es impostas pela R\u00fassia n\u00e3o est\u00e3o relacionadas \u00e0 Opera\u00e7\u00e3o Carne Fraca. Ele disse tamb\u00e9m, em \u00e1udio divulgado pela assessoria de imprensa do Minist\u00e9rio, que os problemas identificados pelas autoridades russas n\u00e3o s\u00e3o graves.<\/p>\n<p>&#8220;N\u00e3o sabemos o que \u00e9, mas coisa grave com certeza n\u00e3o \u00e9&#8221;, afirmou o ministro.<\/p>\n<p><strong>Retomada das exporta\u00e7\u00f5es<\/strong><\/p>\n<p>As exporta\u00e7\u00f5es brasileiras de carne foram afetadas nos meses seguintes \u00e0 opera\u00e7\u00e3o Carne Fraca, mas j\u00e1 foram retomadas e v\u00eam contribuindo positivamente para o super\u00e1vit da balan\u00e7a comercial brasileira.<\/p>\n<p>Entre janeiro e outubro, o Brasil exportou US$ 12,6 bilh\u00f5es em carne de todos os tipos, uma alta de cerca de 8% em rela\u00e7\u00e3o ao registrado no mesmo per\u00edodo de 2016, de acordo com dados do Minist\u00e9rio da Ind\u00fastria, Com\u00e9rcio Exterior e Servi\u00e7os (Mdic).<\/p>\n<p>Fonte: G1<\/p>\n","protected":false},"excerpt":{"rendered":"<p>A R\u00fassia aumentou as restri\u00e7\u00f5es para a carne brasileira nos \u00faltimos dias de outubro. A autoridade sanit\u00e1ria do pa\u00eds proibiu temporariamente a importa\u00e7\u00e3o de um&#8230;<\/p>\n","protected":false},"author":1182,"featured_media":22920,"comment_status":"closed","ping_status":"closed","sticky":false,"template":"","format":"standard","meta":{"footnotes":""},"categories":[6],"tags":[],"class_list":["post-25234","post","type-post","status-publish","format-standard","has-post-thumbnail","hentry","category-noticias"],"_links":{"self":[{"href":"https:\/\/www.sincomam.org.br\/index.php\/wp-json\/wp\/v2\/posts\/25234","targetHints":{"allow":["GET"]}}],"collection":[{"href":"https:\/\/www.sincomam.org.br\/index.php\/wp-json\/wp\/v2\/posts"}],"about":[{"href":"https:\/\/www.sincomam.org.br\/index.php\/wp-json\/wp\/v2\/types\/post"}],"author":[{"embeddable":true,"href":"https:\/\/www.sincomam.org.br\/index.php\/wp-json\/wp\/v2\/users\/1182"}],"replies":[{"embeddable":true,"href":"https:\/\/www.sincomam.org.br\/index.php\/wp-json\/wp\/v2\/comments?post=25234"}],"version-history":[{"count":1,"href":"https:\/\/www.sincomam.org.br\/index.php\/wp-json\/wp\/v2\/posts\/25234\/revisions"}],"predecessor-version":[{"id":25235,"href":"https:\/\/www.sincomam.org.br\/index.php\/wp-json\/wp\/v2\/posts\/25234\/revisions\/25235"}],"wp:featuredmedia":[{"embeddable":true,"href":"https:\/\/www.sincomam.org.br\/index.php\/wp-json\/wp\/v2\/media\/22920"}],"wp:attachment":[{"href":"https:\/\/www.sincomam.org.br\/index.php\/wp-json\/wp\/v2\/media?parent=25234"}],"wp:term":[{"taxonomy":"category","embeddable":true,"href":"https:\/\/www.sincomam.org.br\/index.php\/wp-json\/wp\/v2\/categories?post=25234"},{"taxonomy":"post_tag","embeddable":true,"href":"https:\/\/www.sincomam.org.br\/index.php\/wp-json\/wp\/v2\/tags?post=25234"}],"curies":[{"name":"wp","href":"https:\/\/api.w.org\/{rel}","templated":true}]}}