{"id":25226,"date":"2017-11-03T00:17:29","date_gmt":"2017-11-03T02:17:29","guid":{"rendered":"http:\/\/www.sincomam.org.br\/?p=25226"},"modified":"2017-11-02T15:22:28","modified_gmt":"2017-11-02T17:22:28","slug":"governo-prepara-sistema-contra-barreiras-comerciais","status":"publish","type":"post","link":"https:\/\/www.sincomam.org.br\/index.php\/governo-prepara-sistema-contra-barreiras-comerciais\/","title":{"rendered":"Governo prepara sistema contra barreiras comerciais"},"content":{"rendered":"<p>Para que um livro ou caderno produzido no Brasil possa ser vendido na Argentina, o exportador precisa obter um atestado de laborat\u00f3rio argentino provando que a tinta n\u00e3o faz mal \u00e0 sa\u00fade.<\/p>\n<p>No Jap\u00e3o, bolachas e biscoitos brasileiros com certa dose de conservantes n\u00e3o entram. Os Estados Unidos costumam sobretaxar lotes de sucos de laranja mais doces vindos do Brasil.<\/p>\n<p>S\u00e3o barreiras t\u00e9cnicas que muitas vezes passam invis\u00edveis nos acordos de abertura comercial e drenam a capacidade de competir de empresas exportadoras brasileiras.<\/p>\n<p>Estudo encomendado pela CNI (Confedera\u00e7\u00e3o Nacional da Ind\u00fastria) \u00e0 Funda\u00e7\u00e3o Getulio Vargas mostra que o Brasil poderia ter exportado 14% a mais no ano passado, n\u00e3o fossem essas barreiras, o que significou US$ 30 bilh\u00f5es a menos para o pa\u00eds.<\/p>\n<p>Um dos problemas para reduzir esses entraves ou mesmo para elimin\u00e1-los \u00e9 que s\u00e3o de dif\u00edcil identifica\u00e7\u00e3o.<\/p>\n<p>Muitas vezes, as barreiras n\u00e3o s\u00e3o expl\u00edcitas ou mudam de acordo com pa\u00eds ou produto de origem.<\/p>\n<p>O governo brasileiro finaliza a elabora\u00e7\u00e3o de uma plataforma em que exportadores poder\u00e3o denunciar casos quando desconfiarem de que h\u00e1 uma barreira t\u00e9cnica.<\/p>\n<p>A iniciativa mobiliza tr\u00eas minist\u00e9rios (Ind\u00fastria, Com\u00e9rcio Exterior e Servi\u00e7os, Agricultura e Rela\u00e7\u00f5es Exteriores), al\u00e9m de Anvisa e Inmetro. Segundo fontes governamentais, o sistema est\u00e1 pronto, deve se chamar &#8220;Sem Barreiras&#8221; e tem previs\u00e3o de lan\u00e7amento em novembro.<\/p>\n<p>A vis\u00e3o oficial \u00e9 que o tema vem se tornando cada vez mais relevante, dado o decl\u00ednio das tarifas alfandeg\u00e1rias.<\/p>\n<p>O assunto toca especialmente o Brasil, que neste momento negocia acordos de abertura comercial com Uni\u00e3o Europeia e M\u00e9xico, focando principalmente redu\u00e7\u00f5es tarif\u00e1rias e elimina\u00e7\u00e3o de cotas de exporta\u00e7\u00e3o.<\/p>\n<p><strong>MONITORAMENTO<\/strong><\/p>\n<p>As barreiras t\u00e9cnicas, por\u00e9m, persistem. H\u00e1 poucos dias, o embaixador franc\u00eas no Brasil, Michel Miraillet, indicou que a Fran\u00e7a pretende recorrer \u00e0 &#8220;seguran\u00e7a alimentar&#8221; para barrar a carne do Mercosul, tendo em vista as falhas na fiscaliza\u00e7\u00e3o expostas na Opera\u00e7\u00e3o Carne Fraca.<\/p>\n<p>A gerente de pol\u00edtica comercial da CNI, Constanza Negri, diz que, afora pa\u00edses como EUA, Coreia do Sul e Jap\u00e3o, s\u00e3o raros os que t\u00eam um sistema de acompanhamento permanente de barreiras.<\/p>\n<p>O Brasil ser\u00e1 o primeiro latino-americano. &#8220;O monitoramento de barreiras \u00e9 claramente uma estrat\u00e9gia de ampliar o acesso a mercados consumidores&#8221;, afirma.<\/p>\n<p>O sistema brasileiro ser\u00e1 alimentado por exportadores. A ideia \u00e9 que seja criado um acervo das barreiras que freiam o com\u00e9rcio exterior, o que ser\u00e1 \u00fatil para empres\u00e1rios que desejem buscar novos mercados. Al\u00e9m disso, pode municiar o governo em negocia\u00e7\u00f5es comerciais.<\/p>\n<p>Constanza observa que os americanos costumam levar as barreiras t\u00e9cnicas \u00e0 mesa de negocia\u00e7\u00e3o, mesclando demandas em quest\u00f5es tarif\u00e1rias e n\u00e3o tarif\u00e1rias em acordos de abertura comercial. O Brasil poderia seguir o exemplo.<\/p>\n<p>Em consulta a exportadores, a CNI identificou cerca de cem barreiras t\u00e9cnicas que afetam 50 setores econ\u00f4micos, industriais e tamb\u00e9m do agroneg\u00f3cio. A entidade faz press\u00e3o para que o governo lance logo a plataforma, em elabora\u00e7\u00e3o h\u00e1 meses.<\/p>\n<p>&#8220;Sensibilizamos o setor privado para que os empres\u00e1rios passem a entender o que s\u00e3o essas barreiras e deixem de assumi-las como custo, o que reduz a sua capacidade de competir no exterior&#8221;, disse Constanza.\u00a0<\/p>\n<p>Fonte: Folha SP<\/p>\n","protected":false},"excerpt":{"rendered":"<p>Para que um livro ou caderno produzido no Brasil possa ser vendido na Argentina, o exportador precisa obter um atestado de laborat\u00f3rio argentino provando que&#8230;<\/p>\n","protected":false},"author":1182,"featured_media":18439,"comment_status":"closed","ping_status":"closed","sticky":false,"template":"","format":"standard","meta":{"footnotes":""},"categories":[6],"tags":[],"class_list":["post-25226","post","type-post","status-publish","format-standard","has-post-thumbnail","hentry","category-noticias"],"_links":{"self":[{"href":"https:\/\/www.sincomam.org.br\/index.php\/wp-json\/wp\/v2\/posts\/25226","targetHints":{"allow":["GET"]}}],"collection":[{"href":"https:\/\/www.sincomam.org.br\/index.php\/wp-json\/wp\/v2\/posts"}],"about":[{"href":"https:\/\/www.sincomam.org.br\/index.php\/wp-json\/wp\/v2\/types\/post"}],"author":[{"embeddable":true,"href":"https:\/\/www.sincomam.org.br\/index.php\/wp-json\/wp\/v2\/users\/1182"}],"replies":[{"embeddable":true,"href":"https:\/\/www.sincomam.org.br\/index.php\/wp-json\/wp\/v2\/comments?post=25226"}],"version-history":[{"count":1,"href":"https:\/\/www.sincomam.org.br\/index.php\/wp-json\/wp\/v2\/posts\/25226\/revisions"}],"predecessor-version":[{"id":25227,"href":"https:\/\/www.sincomam.org.br\/index.php\/wp-json\/wp\/v2\/posts\/25226\/revisions\/25227"}],"wp:featuredmedia":[{"embeddable":true,"href":"https:\/\/www.sincomam.org.br\/index.php\/wp-json\/wp\/v2\/media\/18439"}],"wp:attachment":[{"href":"https:\/\/www.sincomam.org.br\/index.php\/wp-json\/wp\/v2\/media?parent=25226"}],"wp:term":[{"taxonomy":"category","embeddable":true,"href":"https:\/\/www.sincomam.org.br\/index.php\/wp-json\/wp\/v2\/categories?post=25226"},{"taxonomy":"post_tag","embeddable":true,"href":"https:\/\/www.sincomam.org.br\/index.php\/wp-json\/wp\/v2\/tags?post=25226"}],"curies":[{"name":"wp","href":"https:\/\/api.w.org\/{rel}","templated":true}]}}