{"id":25212,"date":"2017-11-01T10:56:37","date_gmt":"2017-11-01T12:56:37","guid":{"rendered":"http:\/\/www.sincomam.org.br\/?p=25212"},"modified":"2017-11-01T10:56:37","modified_gmt":"2017-11-01T12:56:37","slug":"leiloes-do-pre-sal-arrecadaram-r-198-bi-acima-do-projetado","status":"publish","type":"post","link":"https:\/\/www.sincomam.org.br\/index.php\/leiloes-do-pre-sal-arrecadaram-r-198-bi-acima-do-projetado\/","title":{"rendered":"Leil\u00f5es do pr\u00e9-sal arrecadaram R$ 198 bi acima do projetado"},"content":{"rendered":"<p>O secret\u00e1rio de Petr\u00f3leo e G\u00e1s do Minist\u00e9rio de Minas e Energia, M\u00e1rcio Felix, afirmou que a segunda e terceira rodadas de partilha da produ\u00e7\u00e3o, realizadas na \u00faltima sexta-feira, 27, v\u00e3o gerar uma arrecada\u00e7\u00e3o R$ 198 bilh\u00f5es superior \u00e0 esperada. Em palestra na Funda\u00e7\u00e3o Get\u00falio Vargas (FGV), ele n\u00e3o informou, no entanto, se a arrecada\u00e7\u00e3o \u00e9 exclusiva ao lucro \u00f3leo, que representa o ganho do governo com a produ\u00e7\u00e3o em 30 anos de produ\u00e7\u00e3o.\u00a0<\/p>\n<p>N\u00famero semelhante foi apresentado no evento pelo diretor-geral da Ag\u00eancia Nacional do Petr\u00f3leo, G\u00e1s Natural e Biocombust\u00edveis (ANP), D\u00e9cio Oddone. Ele disse que a proje\u00e7\u00e3o era de arrecada\u00e7\u00e3o de R$ 400 bilh\u00f5es, mas com o \u00e1gio m\u00e9dio superior a 200% sobre o lucro \u00f3leo, a arrecada\u00e7\u00e3o passar\u00e1 para R$ 600 bilh\u00f5es.<\/p>\n<p>Em sua palestra, Felix informou ainda que nos pr\u00f3ximos dias o governo vai fechar uma nova agenda de melhorias regulat\u00f3rias para o crescimento do setor. Entre elas, citou o fim das discuss\u00f5es com a Petrobras sobre a cess\u00e3o onerosa, para que o excedente seja leiloado. &#8220;A ANP deve se pronunciar nos pr\u00f3ximos dias sobre a cess\u00e3o onerosa&#8221;, afirmou.<\/p>\n<p>Ele informou tamb\u00e9m que o governo vai &#8220;enfrentar a discuss\u00e3o sobre o desenvolvimento do n\u00e3o convencional (folhelho) no Brasil&#8221;. ONGs ambientais resistem a esse tipo de projeto e t\u00eam recorrido \u00e0 Justi\u00e7a para evit\u00e1-lo no Pa\u00eds.\u00a0<\/p>\n<p>Fonte: Estad\u00e3o<\/p>\n","protected":false},"excerpt":{"rendered":"<p>O secret\u00e1rio de Petr\u00f3leo e G\u00e1s do Minist\u00e9rio de Minas e Energia, M\u00e1rcio Felix, afirmou que a segunda e terceira rodadas de partilha da produ\u00e7\u00e3o,&#8230;<\/p>\n","protected":false},"author":1182,"featured_media":17817,"comment_status":"closed","ping_status":"closed","sticky":false,"template":"","format":"standard","meta":{"footnotes":""},"categories":[6],"tags":[],"class_list":["post-25212","post","type-post","status-publish","format-standard","has-post-thumbnail","hentry","category-noticias"],"_links":{"self":[{"href":"https:\/\/www.sincomam.org.br\/index.php\/wp-json\/wp\/v2\/posts\/25212","targetHints":{"allow":["GET"]}}],"collection":[{"href":"https:\/\/www.sincomam.org.br\/index.php\/wp-json\/wp\/v2\/posts"}],"about":[{"href":"https:\/\/www.sincomam.org.br\/index.php\/wp-json\/wp\/v2\/types\/post"}],"author":[{"embeddable":true,"href":"https:\/\/www.sincomam.org.br\/index.php\/wp-json\/wp\/v2\/users\/1182"}],"replies":[{"embeddable":true,"href":"https:\/\/www.sincomam.org.br\/index.php\/wp-json\/wp\/v2\/comments?post=25212"}],"version-history":[{"count":1,"href":"https:\/\/www.sincomam.org.br\/index.php\/wp-json\/wp\/v2\/posts\/25212\/revisions"}],"predecessor-version":[{"id":25213,"href":"https:\/\/www.sincomam.org.br\/index.php\/wp-json\/wp\/v2\/posts\/25212\/revisions\/25213"}],"wp:featuredmedia":[{"embeddable":true,"href":"https:\/\/www.sincomam.org.br\/index.php\/wp-json\/wp\/v2\/media\/17817"}],"wp:attachment":[{"href":"https:\/\/www.sincomam.org.br\/index.php\/wp-json\/wp\/v2\/media?parent=25212"}],"wp:term":[{"taxonomy":"category","embeddable":true,"href":"https:\/\/www.sincomam.org.br\/index.php\/wp-json\/wp\/v2\/categories?post=25212"},{"taxonomy":"post_tag","embeddable":true,"href":"https:\/\/www.sincomam.org.br\/index.php\/wp-json\/wp\/v2\/tags?post=25212"}],"curies":[{"name":"wp","href":"https:\/\/api.w.org\/{rel}","templated":true}]}}