{"id":25207,"date":"2017-11-01T00:03:37","date_gmt":"2017-11-01T02:03:37","guid":{"rendered":"http:\/\/www.sincomam.org.br\/?p=25207"},"modified":"2017-10-29T21:05:26","modified_gmt":"2017-10-29T23:05:26","slug":"perto-do-fim-colheita-de-trigo-do-parana-sera-quase-1-mi-t-menor-ante-o-projetado","status":"publish","type":"post","link":"https:\/\/www.sincomam.org.br\/index.php\/perto-do-fim-colheita-de-trigo-do-parana-sera-quase-1-mi-t-menor-ante-o-projetado\/","title":{"rendered":"Perto do fim, colheita de trigo do Paran\u00e1 ser\u00e1 quase 1 mi t menor ante o projetado"},"content":{"rendered":"<p>A colheita de trigo da safra 2016\/17 no Paran\u00e1 se aproxima do fim com perspectiva de produ\u00e7\u00e3o quase 1 milh\u00e3o de toneladas menor frente \u00e0 inicialmente projetada, em raz\u00e3o de uma s\u00e9rie de problemas clim\u00e1ticos, disse o Departamento de Economia Rural (Deral), da Secretaria de Agricultura do Estado.<\/p>\n<p>De acordo com o \u00f3rg\u00e3o, a colheita do principal produtor do cereal no Brasil atinge 83 por cento da \u00e1rea, estimada em cerca de 960 mil hectares no Estado.<\/p>\n<p>A produ\u00e7\u00e3o deve fechar o ciclo em 2,24 milh\u00f5es de toneladas, abaixo das 2,29 milh\u00f5es de toneladas previstas no relat\u00f3rio anterior, de setembro, e quase 1 milh\u00e3o de toneladas inferior na compara\u00e7\u00e3o com as mais de 3,1 milh\u00f5es de toneladas consideradas pelo Deral antes da colheita.<\/p>\n<p>Na safra 2015\/16, a produ\u00e7\u00e3o de trigo no Paran\u00e1 foi de 3,48 milh\u00f5es de toneladas, uma de suas maiores colheita.<\/p>\n<p>As adversidades clim\u00e1ticas come\u00e7aram em julho, quando fortes geadas afetaram 30 por cento da \u00e1rea suscet\u00edvel a perdas. No in\u00edcio de agosto, a seca agravou a situa\u00e7\u00e3o, enquanto chuvas no come\u00e7o da colheita pioraram ainda mais o cen\u00e1rio.<\/p>\n<p>Diante da quebra de safra, n\u00e3o s\u00f3 no Paran\u00e1, mas tamb\u00e9m no Rio Grande do Sul, o governo avalia a isen\u00e7\u00e3o de tarifa de importa\u00e7\u00e3o do cereal para uma cota de 750 mil toneladas do produto de fora do Mercosul, uma decis\u00e3o que poderia favorecer pa\u00edses exportadores como Estados Unidos e R\u00fassia.<\/p>\n<p>O Brasil consome mais de 11 milh\u00f5es de toneladas ao ano e deve importar 7 milh\u00f5es de toneladas em 2017, segundo a Companhia Nacional de Abastecimento (Conab).<\/p>\n<p>Fonte: Reuters<\/p>\n","protected":false},"excerpt":{"rendered":"<p>A colheita de trigo da safra 2016\/17 no Paran\u00e1 se aproxima do fim com perspectiva de produ\u00e7\u00e3o quase 1 milh\u00e3o de toneladas menor frente \u00e0&#8230;<\/p>\n","protected":false},"author":1182,"featured_media":18822,"comment_status":"closed","ping_status":"closed","sticky":false,"template":"","format":"standard","meta":{"footnotes":""},"categories":[6],"tags":[],"class_list":["post-25207","post","type-post","status-publish","format-standard","has-post-thumbnail","hentry","category-noticias"],"_links":{"self":[{"href":"https:\/\/www.sincomam.org.br\/index.php\/wp-json\/wp\/v2\/posts\/25207","targetHints":{"allow":["GET"]}}],"collection":[{"href":"https:\/\/www.sincomam.org.br\/index.php\/wp-json\/wp\/v2\/posts"}],"about":[{"href":"https:\/\/www.sincomam.org.br\/index.php\/wp-json\/wp\/v2\/types\/post"}],"author":[{"embeddable":true,"href":"https:\/\/www.sincomam.org.br\/index.php\/wp-json\/wp\/v2\/users\/1182"}],"replies":[{"embeddable":true,"href":"https:\/\/www.sincomam.org.br\/index.php\/wp-json\/wp\/v2\/comments?post=25207"}],"version-history":[{"count":2,"href":"https:\/\/www.sincomam.org.br\/index.php\/wp-json\/wp\/v2\/posts\/25207\/revisions"}],"predecessor-version":[{"id":25209,"href":"https:\/\/www.sincomam.org.br\/index.php\/wp-json\/wp\/v2\/posts\/25207\/revisions\/25209"}],"wp:featuredmedia":[{"embeddable":true,"href":"https:\/\/www.sincomam.org.br\/index.php\/wp-json\/wp\/v2\/media\/18822"}],"wp:attachment":[{"href":"https:\/\/www.sincomam.org.br\/index.php\/wp-json\/wp\/v2\/media?parent=25207"}],"wp:term":[{"taxonomy":"category","embeddable":true,"href":"https:\/\/www.sincomam.org.br\/index.php\/wp-json\/wp\/v2\/categories?post=25207"},{"taxonomy":"post_tag","embeddable":true,"href":"https:\/\/www.sincomam.org.br\/index.php\/wp-json\/wp\/v2\/tags?post=25207"}],"curies":[{"name":"wp","href":"https:\/\/api.w.org\/{rel}","templated":true}]}}