{"id":25198,"date":"2017-10-31T00:57:14","date_gmt":"2017-10-31T02:57:14","guid":{"rendered":"http:\/\/www.sincomam.org.br\/?p=25198"},"modified":"2017-10-29T20:59:02","modified_gmt":"2017-10-29T22:59:02","slug":"safra-de-soja-201718-no-parana-deve-ser-maior-e-quase-igualar-201617","status":"publish","type":"post","link":"https:\/\/www.sincomam.org.br\/index.php\/safra-de-soja-201718-no-parana-deve-ser-maior-e-quase-igualar-201617\/","title":{"rendered":"Safra de soja 2017\/18 no Paran\u00e1 deve ser maior e quase igualar 2016\/17"},"content":{"rendered":"<p>A safra de soja 2017\/18 no Paran\u00e1 dever\u00e1 ser maior que as previs\u00f5es iniciais e praticamente se igualar \u00e0 do ciclo anterior, puxada pela expans\u00e3o de \u00e1rea, projetou o Departamento de Economia Rural (Deral), da Secretaria de Agricultura do Estado.<\/p>\n<p>Conforme o \u00f3rg\u00e3o, a produ\u00e7\u00e3o paranaense da oleaginosa tende a alcan\u00e7ar 19,53 milh\u00f5es de toneladas, apenas 1 por cento inferior frente \u00e0 de 2016\/17. Na primeira previs\u00e3o, de agosto, o Deral falava em colheita um pouco menor, de 19,46 milh\u00f5es de toneladas.<\/p>\n<p>A melhora na perspectiva de produ\u00e7\u00e3o \u00e9 resultado direto da maior \u00e1rea plantada com soja em 2017\/18, de 5,45 milh\u00f5es de hectares, um novo recorde &#8211;em agosto, o Deral j\u00e1 previa a maior semeadura da hist\u00f3ria no Estado, com 5,43 milh\u00f5es de hectares.<\/p>\n<p>Essa \u00e1rea compensa a produtividade, que dever\u00e1 ser menor neste ciclo: 3,58 toneladas por hectare agora, est\u00e1vel ante a previs\u00e3o inicial, mas inferior em rela\u00e7\u00e3o ao excelente resultado de 2016\/17 (3,76 t\/ha), quando o clima foi considerado como praticamente \u201cperfeito\u201d.<\/p>\n<p>As revis\u00f5es anunciadas pelo Deral foram mais significativas, ap\u00f3s pequenos ajustes em setembro.<\/p>\n<p>No caso do milho 1\u00aa safra, por exemplo, ap\u00f3s manter no m\u00eas passado a estimativa de produ\u00e7\u00e3o em 3,11 milh\u00f5es de toneladas, o Deral agora prev\u00ea que a colheita do cereal no Estado ser\u00e1 de 3,06 milh\u00f5es de toneladas, queda de 38 por cento ante 2016\/17.<\/p>\n<p>A \u00e1rea com o milho, que tamb\u00e9m havia praticamente se mantido em setembro ante agosto, agora foi cortada para 338,45 mil hectares, queda de 34 por cento frente a 2016\/17.<\/p>\n<p>No caso do milho, as redu\u00e7\u00f5es refletem os baixos pre\u00e7os do cereal no mercado interno, que levaram produtores a preferirem a soja, ap\u00f3s uma safra nacional recorde, segundo a Companhia Nacional de Abastecimento (Conab).<\/p>\n<p>Fonte: Reuters<\/p>\n","protected":false},"excerpt":{"rendered":"<p>A safra de soja 2017\/18 no Paran\u00e1 dever\u00e1 ser maior que as previs\u00f5es iniciais e praticamente se igualar \u00e0 do ciclo anterior, puxada pela expans\u00e3o&#8230;<\/p>\n","protected":false},"author":1182,"featured_media":19106,"comment_status":"closed","ping_status":"closed","sticky":false,"template":"","format":"standard","meta":{"footnotes":""},"categories":[6],"tags":[],"class_list":["post-25198","post","type-post","status-publish","format-standard","has-post-thumbnail","hentry","category-noticias"],"_links":{"self":[{"href":"https:\/\/www.sincomam.org.br\/index.php\/wp-json\/wp\/v2\/posts\/25198","targetHints":{"allow":["GET"]}}],"collection":[{"href":"https:\/\/www.sincomam.org.br\/index.php\/wp-json\/wp\/v2\/posts"}],"about":[{"href":"https:\/\/www.sincomam.org.br\/index.php\/wp-json\/wp\/v2\/types\/post"}],"author":[{"embeddable":true,"href":"https:\/\/www.sincomam.org.br\/index.php\/wp-json\/wp\/v2\/users\/1182"}],"replies":[{"embeddable":true,"href":"https:\/\/www.sincomam.org.br\/index.php\/wp-json\/wp\/v2\/comments?post=25198"}],"version-history":[{"count":1,"href":"https:\/\/www.sincomam.org.br\/index.php\/wp-json\/wp\/v2\/posts\/25198\/revisions"}],"predecessor-version":[{"id":25199,"href":"https:\/\/www.sincomam.org.br\/index.php\/wp-json\/wp\/v2\/posts\/25198\/revisions\/25199"}],"wp:featuredmedia":[{"embeddable":true,"href":"https:\/\/www.sincomam.org.br\/index.php\/wp-json\/wp\/v2\/media\/19106"}],"wp:attachment":[{"href":"https:\/\/www.sincomam.org.br\/index.php\/wp-json\/wp\/v2\/media?parent=25198"}],"wp:term":[{"taxonomy":"category","embeddable":true,"href":"https:\/\/www.sincomam.org.br\/index.php\/wp-json\/wp\/v2\/categories?post=25198"},{"taxonomy":"post_tag","embeddable":true,"href":"https:\/\/www.sincomam.org.br\/index.php\/wp-json\/wp\/v2\/tags?post=25198"}],"curies":[{"name":"wp","href":"https:\/\/api.w.org\/{rel}","templated":true}]}}