{"id":25082,"date":"2017-10-19T00:00:38","date_gmt":"2017-10-19T02:00:38","guid":{"rendered":"http:\/\/www.sincomam.org.br\/?p=25082"},"modified":"2017-10-15T17:52:48","modified_gmt":"2017-10-15T19:52:48","slug":"auditores-fiscais-se-reunem-para-debater-greve-em-novembro","status":"publish","type":"post","link":"https:\/\/www.sincomam.org.br\/index.php\/auditores-fiscais-se-reunem-para-debater-greve-em-novembro\/","title":{"rendered":"Auditores fiscais se re\u00fanem para debater greve em novembro"},"content":{"rendered":"<p>Os auditores fiscais da Receita Federal que atuam no Porto de Santos se reunir\u00e3o para decidir se entrar\u00e3o em greve a partir do dia 1\u00ba de novembro. A paralisa\u00e7\u00e3o \u00e9 uma forma de pressionar o Minist\u00e9rio do Planejamento, Or\u00e7amento e Gest\u00e3o a regulamentar o acordo salarial firmado pelo Governo Federal.<\/p>\n<p>Na semana passada, os auditores se reuniram em protesto na porta da Alf\u00e2ndega do Porto de Santos. Na ocasi\u00e3o, segundo o presidente do Sindicato Nacional dos Auditores Fiscais (Sindifisco), Claudio Damasceno, j\u00e1 havia um forte indicativo de greve, a ser discutida na nova reuni\u00e3o.\u00a0<\/p>\n<p>Se aprovada a paralisa\u00e7\u00e3o, nos portos e aeroportos, funcionar\u00e1 a Opera\u00e7\u00e3o Padr\u00e3o, que prev\u00ea somente a libera\u00e7\u00e3o de cargas consideradas essenciais como rem\u00e9dios, insumos hospitalares, animais vivos e alimenta\u00e7\u00e3o de bordo para tripulantes de navios.<\/p>\n<p>Segundo o Sindifisco, no Porto de Santos, a cada dia de paralisa\u00e7\u00e3o, mil cont\u00eaineres deixam de ser liberados na data em que seu despacho \u00e9 apresentado. Cargas que normalmente s\u00e3o desembara\u00e7adas em 24 horas poder\u00e3o ter de esperar at\u00e9 cinco dias pela autoriza\u00e7\u00e3o.\u00a0<\/p>\n<p>J\u00e1 nas delegacias da Receita Federal, respons\u00e1veis pela arrecada\u00e7\u00e3o de tributos, passar\u00e1 a vigorar a opera\u00e7\u00e3o Meta Vermelha, nas quais os auditores fiscais dever\u00e3o executar apenas 50% de sua carga de trabalho.\u00a0<\/p>\n<p>Com a justificativa de conter a crise econ\u00f4mica, as medidas do Governo, criticadas pela categoria, incluem a quebra do acordo salarial firmado em lei (a recomposi\u00e7\u00e3o prevista para 2018 e 2019 s\u00f3 ser\u00e1 paga em 2019 e 2020), aumento da contribui\u00e7\u00e3o previdenci\u00e1ria de 11% para 14%, sal\u00e1rio inicial de R$ 5 mil para funcion\u00e1rios p\u00fablicos com curso superior e congelamento das verbas indenizat\u00f3rias.<\/p>\n<p>Segundo os auditores, al\u00e9m das medidas que afetam todos os funcion\u00e1rios p\u00fablicos, haveria ainda um agravante para os auditores relacionado \u00e0 regulamenta\u00e7\u00e3o de um b\u00f4nus de efici\u00eancia, estabelecido pela Lei n\u00ba 13.464\/17.\u00a0<\/p>\n<p>Fonte: A Tribuna<\/p>\n","protected":false},"excerpt":{"rendered":"<p>Os auditores fiscais da Receita Federal que atuam no Porto de Santos se reunir\u00e3o para decidir se entrar\u00e3o em greve a partir do dia 1\u00ba&#8230;<\/p>\n","protected":false},"author":1182,"featured_media":18377,"comment_status":"closed","ping_status":"closed","sticky":false,"template":"","format":"standard","meta":{"footnotes":""},"categories":[6],"tags":[],"class_list":["post-25082","post","type-post","status-publish","format-standard","has-post-thumbnail","hentry","category-noticias"],"_links":{"self":[{"href":"https:\/\/www.sincomam.org.br\/index.php\/wp-json\/wp\/v2\/posts\/25082","targetHints":{"allow":["GET"]}}],"collection":[{"href":"https:\/\/www.sincomam.org.br\/index.php\/wp-json\/wp\/v2\/posts"}],"about":[{"href":"https:\/\/www.sincomam.org.br\/index.php\/wp-json\/wp\/v2\/types\/post"}],"author":[{"embeddable":true,"href":"https:\/\/www.sincomam.org.br\/index.php\/wp-json\/wp\/v2\/users\/1182"}],"replies":[{"embeddable":true,"href":"https:\/\/www.sincomam.org.br\/index.php\/wp-json\/wp\/v2\/comments?post=25082"}],"version-history":[{"count":1,"href":"https:\/\/www.sincomam.org.br\/index.php\/wp-json\/wp\/v2\/posts\/25082\/revisions"}],"predecessor-version":[{"id":25083,"href":"https:\/\/www.sincomam.org.br\/index.php\/wp-json\/wp\/v2\/posts\/25082\/revisions\/25083"}],"wp:featuredmedia":[{"embeddable":true,"href":"https:\/\/www.sincomam.org.br\/index.php\/wp-json\/wp\/v2\/media\/18377"}],"wp:attachment":[{"href":"https:\/\/www.sincomam.org.br\/index.php\/wp-json\/wp\/v2\/media?parent=25082"}],"wp:term":[{"taxonomy":"category","embeddable":true,"href":"https:\/\/www.sincomam.org.br\/index.php\/wp-json\/wp\/v2\/categories?post=25082"},{"taxonomy":"post_tag","embeddable":true,"href":"https:\/\/www.sincomam.org.br\/index.php\/wp-json\/wp\/v2\/tags?post=25082"}],"curies":[{"name":"wp","href":"https:\/\/api.w.org\/{rel}","templated":true}]}}