{"id":25080,"date":"2017-10-19T00:50:14","date_gmt":"2017-10-19T02:50:14","guid":{"rendered":"http:\/\/www.sincomam.org.br\/?p=25080"},"modified":"2017-10-15T17:51:31","modified_gmt":"2017-10-15T19:51:31","slug":"guaruja-lanca-plano-contra-desastres-naturais-e-no-porto","status":"publish","type":"post","link":"https:\/\/www.sincomam.org.br\/index.php\/guaruja-lanca-plano-contra-desastres-naturais-e-no-porto\/","title":{"rendered":"Guaruj\u00e1 lan\u00e7a plano contra desastres naturais e no Porto"},"content":{"rendered":"<p>A Prefeitura de Guaruj\u00e1 mapeou os riscos de acidentes na cidade e dividiu as amea\u00e7as em duas frentes: as ocorr\u00eancias tecnol\u00f3gicas, que envolvem a atividade portu\u00e1ria, e as geol\u00f3gicas, que incluem desastres naturais, principalmente em \u00e1reas de morros. Esta an\u00e1lise deu origem ao Plano Municipal de Conting\u00eancia (Plancon). Agora, a Defesa Civil dar\u00e1 in\u00edcio ao processo de conscientiza\u00e7\u00e3o da popula\u00e7\u00e3o sobre esses riscos.\u00a0<\/p>\n<p>O Plancon envolve todas as secretarias municipais, al\u00e9m da Defesa Civil, da Pol\u00edcia Militar, do Corpo de Bombeiros e das empresas que atuam na Margem Esquerda do Porto de Santos, por meio do Plano de Aux\u00edlio M\u00fatuo (PAM) de Guaruj\u00e1.<\/p>\n<p>\u201cO plano visa agregar todas as for\u00e7as da Cidade, do terceiro setor, empresas e poder p\u00fablico, de forma que, no caso de uma grande emerg\u00eancia, n\u00f3s possamos atuar na mitiga\u00e7\u00e3o dos efeitos danosos desse acidente, minimizar os danos \u00e0s pessoas e, depois, trabalhar na recupera\u00e7\u00e3o das \u00e1reas afetadas. Acima de tudo, o objetivo maior \u00e9 trabalhar na preven\u00e7\u00e3o\u201d, destacou o diretor da Defesa Civil, Carlos Smicelato.<\/p>\n<p>Segundo o executivo, nos \u00faltimos anos, houve diversos acidentes envolvendo as caracter\u00edsticas geol\u00f3gicas da Cidade, como deslizamentos de morros. Al\u00e9m disso, a participa\u00e7\u00e3o na movimenta\u00e7\u00e3o de cargas no maior porto da Am\u00e9rica Latina tamb\u00e9m \u00e9 uma amea\u00e7a constante, como ocorreu em 2015, no inc\u00eandio no terminal retroportu\u00e1rio da Localfrio.\u00a0<\/p>\n<p>Por conta disso, o Plancon dividiu as amea\u00e7as tecnol\u00f3gi-cas em tr\u00eas n\u00edveis. O primeiro \u00e9 quando h\u00e1 um incidente em uma empresa e o entorno n\u00e3o \u00e9 afetado. \u201cNesse caso, o munic\u00edpio, atrav\u00e9s da Defesa Civil, faz apoio \u00e0 empresa no que for necess\u00e1rio para conter o elemento que est\u00e1 oferecendo risco\u201d.<\/p>\n<p>No segundo n\u00edvel, o acidente provoca consequ\u00eancias em at\u00e9 200 metros no entorno da instala\u00e7\u00e3o portu\u00e1ria. J\u00e1 no terceiro, esse raio \u00e9 maior. \u201cQuando o risco ultrapassar 200 metros, a empresa \u00e9 respons\u00e1vel por oferecer informa\u00e7\u00f5es sobre qual deve ser a \u00e1rea de evacua\u00e7\u00e3o\u201d, destacou Smicelato.<\/p>\n<p>O respons\u00e1vel pela Defesa Civil explicou ainda que escolas, centros de sa\u00fade e at\u00e9 cruzamentos de ruas servir\u00e3o como ponto de encontro em caso de evacua\u00e7\u00e3o ap\u00f3s um acidente no Porto. \u201cPara a regi\u00e3o portu\u00e1ria, n\u00f3s vamos iniciar um trabalho para fazer o mecanismo de acionamento no caso de uma grande emerg\u00eancia, quando h\u00e1 a necessidade de evacuar uma comunidade. Ela vai se deslocar para um ponto de encontro previsto no plano de conting\u00eancia e, l\u00e1, ser\u00e1 feito um remanejamento de pessoas para abrigamento e local seguro\u201d, explicou.<\/p>\n<p>Conscientiza\u00e7\u00e3o<\/p>\n<p>Agora, a partir da assinatura do Plancon, ser\u00e1 iniciado o trabalho de preven\u00e7\u00e3o com a comunidade. A ideia \u00e9 fazer com que a popula\u00e7\u00e3o aprenda a reconhecer uma \u00e1rea de risco no morro, que ele pode vir a ser afetado por um deslizamento, ou ainda reconhe\u00e7a alguns sinais que podem indicar riscos \u00e0 na atividade portu\u00e1ria.<\/p>\n<p>\u201cGuaruj\u00e1 \u00e9 uma ilha cercada por rios, oceano, morros, uma grande precipita\u00e7\u00e3o pluviom\u00e9trica. A geografia, as condi\u00e7\u00f5es em que uma grande massa da popula\u00e7\u00e3o vive nos tornam muito mais respons\u00e1veis, para que n\u00f3s estejamos preparados para qualquer evento da natureza que venha a colocar em risco as vidas humanas e a cidade como um todo\u201d, destacou o prefeito V\u00e1lter Suman.<\/p>\n<p>Para o secret\u00e1rio municipal de Defesa e Conviv\u00eancia Social, Luiz Claudio Ven\u00e2ncio Alves, o Plancon pode ser utilizado at\u00e9 em casos de acidentes em munic\u00edpios vizinhos. \u201c\u00c9 importante salientar que o Plano de Conting\u00eancia de Guaruj\u00e1 \u00e9 uma vanguarda. Todas as cidades est\u00e3o sujeitas a cat\u00e1strofes naturais, desastres provocados pelo ser humano. O importante \u00e9 a cidade ser resiliente, estar preparada para fazer frente \u00e0s necessidades\u201d, afirmou.\u00a0<\/p>\n<p>Fonte: A Tribuna<\/p>\n","protected":false},"excerpt":{"rendered":"<p>A Prefeitura de Guaruj\u00e1 mapeou os riscos de acidentes na cidade e dividiu as amea\u00e7as em duas frentes: as ocorr\u00eancias tecnol\u00f3gicas, que envolvem a atividade&#8230;<\/p>\n","protected":false},"author":1182,"featured_media":19106,"comment_status":"closed","ping_status":"closed","sticky":false,"template":"","format":"standard","meta":{"footnotes":""},"categories":[6],"tags":[],"class_list":["post-25080","post","type-post","status-publish","format-standard","has-post-thumbnail","hentry","category-noticias"],"_links":{"self":[{"href":"https:\/\/www.sincomam.org.br\/index.php\/wp-json\/wp\/v2\/posts\/25080","targetHints":{"allow":["GET"]}}],"collection":[{"href":"https:\/\/www.sincomam.org.br\/index.php\/wp-json\/wp\/v2\/posts"}],"about":[{"href":"https:\/\/www.sincomam.org.br\/index.php\/wp-json\/wp\/v2\/types\/post"}],"author":[{"embeddable":true,"href":"https:\/\/www.sincomam.org.br\/index.php\/wp-json\/wp\/v2\/users\/1182"}],"replies":[{"embeddable":true,"href":"https:\/\/www.sincomam.org.br\/index.php\/wp-json\/wp\/v2\/comments?post=25080"}],"version-history":[{"count":1,"href":"https:\/\/www.sincomam.org.br\/index.php\/wp-json\/wp\/v2\/posts\/25080\/revisions"}],"predecessor-version":[{"id":25081,"href":"https:\/\/www.sincomam.org.br\/index.php\/wp-json\/wp\/v2\/posts\/25080\/revisions\/25081"}],"wp:featuredmedia":[{"embeddable":true,"href":"https:\/\/www.sincomam.org.br\/index.php\/wp-json\/wp\/v2\/media\/19106"}],"wp:attachment":[{"href":"https:\/\/www.sincomam.org.br\/index.php\/wp-json\/wp\/v2\/media?parent=25080"}],"wp:term":[{"taxonomy":"category","embeddable":true,"href":"https:\/\/www.sincomam.org.br\/index.php\/wp-json\/wp\/v2\/categories?post=25080"},{"taxonomy":"post_tag","embeddable":true,"href":"https:\/\/www.sincomam.org.br\/index.php\/wp-json\/wp\/v2\/tags?post=25080"}],"curies":[{"name":"wp","href":"https:\/\/api.w.org\/{rel}","templated":true}]}}