{"id":25061,"date":"2017-10-18T00:35:45","date_gmt":"2017-10-18T02:35:45","guid":{"rendered":"http:\/\/www.sincomam.org.br\/?p=25061"},"modified":"2017-10-15T17:36:54","modified_gmt":"2017-10-15T19:36:54","slug":"pais-semeia-a-segunda-maior-safra-de-graos-de-sua-historia","status":"publish","type":"post","link":"https:\/\/www.sincomam.org.br\/index.php\/pais-semeia-a-segunda-maior-safra-de-graos-de-sua-historia\/","title":{"rendered":"Pa\u00eds semeia a segunda maior safra de gr\u00e3os de sua hist\u00f3ria"},"content":{"rendered":"<p>A Companhia Nacional de Abastecimento (Conab) confirmou o que j\u00e1 indicavam proje\u00e7\u00f5es de consultorias privadas e estimou queda da produ\u00e7\u00e3o de gr\u00e3os no pa\u00eds na safra 2017\/18, que j\u00e1 est\u00e1 em fase de plantio. Calculada a partir de condi\u00e7\u00f5es e previs\u00f5es meteorol\u00f3gicas atuais, a retra\u00e7\u00e3o prevista reduzir\u00e1 o volume total a um patamar ainda expressivo &#8211; o segundo maior da hist\u00f3ria &#8211; e tende a ter efeito limitado sobre a infla\u00e7\u00e3o. Mas certamente exercer\u00e1 press\u00e3o negativa sobre o Produto Interno Bruto (PIB) da agropecu\u00e1ria do pa\u00eds, sobretudo no primeiro trimestre de 2018.<\/p>\n<p>Segundo divulgou ontem a estatal vinculada ao Minist\u00e9rio da Agricultura, a \u00e1rea plantada total alcan\u00e7ar\u00e1 entre 58,4 milh\u00f5es, como em 2016\/17, e 59,6 milh\u00f5es de hectares, e a produ\u00e7\u00e3o somar\u00e1 entre 224,2 milh\u00f5es e 228,2 milh\u00f5es de toneladas. Na pior das hip\u00f3teses, a queda ser\u00e1 de 6%. Evidentemente, portanto, o cen\u00e1rio tra\u00e7ado leva em considera\u00e7\u00e3o uma produtividade menor, derivada de menos investimentos em tecnologias, dadas as margens mais apertadas dos agricultores, e de um clima &#8220;menos perfeito&#8221; que no ciclo passado.<\/p>\n<p>Aroldo Oliveira, superintendente de informa\u00e7\u00f5es do agroneg\u00f3cio da Conab, lembrou que as chuvas atrasaram em at\u00e9 uma semana o in\u00edcio do plantio, o que prejudicou os trabalhos. Nessas \u00e1reas, houve precipita\u00e7\u00f5es no fim do m\u00eas passado, o que permitiu algum avan\u00e7o, mas desde a semana passada a seca voltou a dar o tom, novamente afetando a semeadura. Conforme Oliveira, h\u00e1 uma expectativa de retorno de chuvas mais regulares na semana que vem.<\/p>\n<p>Em consequ\u00eancia desses percal\u00e7os, mesmo a soja, que dever\u00e1 ocupar uma \u00e1rea at\u00e9 3,8% maior neste ciclo 2017\/18 (ver infogr\u00e1fico), dever\u00e1 registrar queda na colheita. Para o carro-chefe do agroneg\u00f3cio nacional, a Conab estima uma produ\u00e7\u00e3o entre 106 milh\u00f5es e 108,3 milh\u00f5es de toneladas, at\u00e9 7,1% menos que na temporada passada, quando o volume atingiu o recorde de 114,1 milh\u00f5es de toneladas.<\/p>\n<p>Esse aumento de \u00e1rea da oleaginosa est\u00e1 acontecendo sobretudo em \u00e1reas que, em 2016\/17, foram ocupadas pelo milho de ver\u00e3o e pelo arroz. No caso do milho de ver\u00e3o, a retra\u00e7\u00e3o da \u00e1rea foi projetada em at\u00e9 10,1%. Com suas lavouras ocupando menos espa\u00e7o e com o clima menos favor\u00e1vel, a produ\u00e7\u00e3o da primeira safra de milho tende a cair at\u00e9 17,8%, para 26,4 milh\u00f5es de toneladas. Como j\u00e1 informou o Valor, ganhou for\u00e7a nesta d\u00e9cada o movimento de redu\u00e7\u00e3o do plantio de milho no ver\u00e3o e de incremento da &#8220;safrinha&#8221; de inverno do cereal.<\/p>\n<p>Para a safrinha, contudo, a Conab n\u00e3o divulgou estimativas para o plantio, que s\u00f3 ter\u00e1 in\u00edcio no come\u00e7o de 2018, depois de colhida a soja. No relat\u00f3rio divulgado ontem, a estatal limitou-se, para efeitos estat\u00edsticos, a repetir a mesma \u00e1rea plantada no ciclo 2016\/17. Levando-se em considera\u00e7\u00e3o essa repeti\u00e7\u00e3o, a \u00e1rea total de milho dever\u00e1 ser at\u00e9 3,1% menor em 2017\/18 e a produ\u00e7\u00e3o poder\u00e1 recuar at\u00e9 5,7%, para 92,2 milh\u00f5es de toneladas.<\/p>\n<p>Se fatalmente ter\u00e1 impacto no PIB da agropecu\u00e1ria no primeiro trimestre, quando se concentra a colheita de ver\u00e3o, a queda do volume total de produ\u00e7\u00e3o prevista pela Conab dever\u00e1 ter impacto limitado sobre a infla\u00e7\u00e3o dos alimentos, que tanto colaborou para os baixos \u00edndices gerais observados neste ano. &#8220;H\u00e1 uma redu\u00e7\u00e3o da produ\u00e7\u00e3o, mas uma redu\u00e7\u00e3o para um patamar ainda bastante elevado&#8221;, afirmou Felipe Novaes, da Tend\u00eancias Consultoria. &#8220;Considerando a m\u00e9dia das proje\u00e7\u00f5es de hoje, em termos de pre\u00e7os, a gente n\u00e3o enxerga gatilhos suficientes para altas expressivas de pre\u00e7os&#8221;, destacou Novaes.<\/p>\n<p>Existe, contudo, uma possibilidade, ainda que remota, de piora clim\u00e1tica mais consider\u00e1vel nos pr\u00f3ximos meses. Se isso de fato acontecer, a press\u00e3o tende a aumentar.<\/p>\n<p>Fonte: Valor<\/p>\n","protected":false},"excerpt":{"rendered":"<p>A Companhia Nacional de Abastecimento (Conab) confirmou o que j\u00e1 indicavam proje\u00e7\u00f5es de consultorias privadas e estimou queda da produ\u00e7\u00e3o de gr\u00e3os no pa\u00eds na&#8230;<\/p>\n","protected":false},"author":1182,"featured_media":17870,"comment_status":"closed","ping_status":"closed","sticky":false,"template":"","format":"standard","meta":{"footnotes":""},"categories":[6],"tags":[],"class_list":["post-25061","post","type-post","status-publish","format-standard","has-post-thumbnail","hentry","category-noticias"],"_links":{"self":[{"href":"https:\/\/www.sincomam.org.br\/index.php\/wp-json\/wp\/v2\/posts\/25061","targetHints":{"allow":["GET"]}}],"collection":[{"href":"https:\/\/www.sincomam.org.br\/index.php\/wp-json\/wp\/v2\/posts"}],"about":[{"href":"https:\/\/www.sincomam.org.br\/index.php\/wp-json\/wp\/v2\/types\/post"}],"author":[{"embeddable":true,"href":"https:\/\/www.sincomam.org.br\/index.php\/wp-json\/wp\/v2\/users\/1182"}],"replies":[{"embeddable":true,"href":"https:\/\/www.sincomam.org.br\/index.php\/wp-json\/wp\/v2\/comments?post=25061"}],"version-history":[{"count":1,"href":"https:\/\/www.sincomam.org.br\/index.php\/wp-json\/wp\/v2\/posts\/25061\/revisions"}],"predecessor-version":[{"id":25062,"href":"https:\/\/www.sincomam.org.br\/index.php\/wp-json\/wp\/v2\/posts\/25061\/revisions\/25062"}],"wp:featuredmedia":[{"embeddable":true,"href":"https:\/\/www.sincomam.org.br\/index.php\/wp-json\/wp\/v2\/media\/17870"}],"wp:attachment":[{"href":"https:\/\/www.sincomam.org.br\/index.php\/wp-json\/wp\/v2\/media?parent=25061"}],"wp:term":[{"taxonomy":"category","embeddable":true,"href":"https:\/\/www.sincomam.org.br\/index.php\/wp-json\/wp\/v2\/categories?post=25061"},{"taxonomy":"post_tag","embeddable":true,"href":"https:\/\/www.sincomam.org.br\/index.php\/wp-json\/wp\/v2\/tags?post=25061"}],"curies":[{"name":"wp","href":"https:\/\/api.w.org\/{rel}","templated":true}]}}