{"id":25057,"date":"2017-10-18T00:32:36","date_gmt":"2017-10-18T02:32:36","guid":{"rendered":"http:\/\/www.sincomam.org.br\/?p=25057"},"modified":"2017-10-15T17:34:10","modified_gmt":"2017-10-15T19:34:10","slug":"sem-clima-perfeito-brasil-deve-produzir-ate-6-menos-graos-na-safra-201718","status":"publish","type":"post","link":"https:\/\/www.sincomam.org.br\/index.php\/sem-clima-perfeito-brasil-deve-produzir-ate-6-menos-graos-na-safra-201718\/","title":{"rendered":"Sem clima &#8216;perfeito&#8217;, Brasil deve produzir at\u00e9 6% menos gr\u00e3os na safra 2017\/18"},"content":{"rendered":"<p>A produ\u00e7\u00e3o de gr\u00e3os e oleaginosas pelo Brasil na safra 2017\/18 poder\u00e1 cair at\u00e9 6% na compara\u00e7\u00e3o com a temporada 2016\/17, quando o clima considerado praticamente &#8220;perfeito&#8221; permitiu uma colheita recorde.<\/p>\n<p>Em seu primeiro levantamento sobre o ciclo 2017\/18, a Companhia Nacional de Abastecimento (Conab) estimou uma produ\u00e7\u00e3o entre 224,17 milh\u00f5es e 228,20 milh\u00f5es de toneladas, recuo de 6% a 4,3% ante as 238,50 milh\u00f5es de toneladas de 2016\/17.<\/p>\n<p>&#8220;Condi\u00e7\u00f5es clim\u00e1ticas altamente favor\u00e1veis contribu\u00edram para a safra passada alcan\u00e7ar recorde hist\u00f3rico. Tais condi\u00e7\u00f5es dificilmente se repetir\u00e3o, por isso a expectativa de redu\u00e7\u00e3o produtiva&#8221;, destacou a Conab.<\/p>\n<p>Em entrevista a jornalistas ap\u00f3s a divulga\u00e7\u00e3o dos n\u00fameros, o secret\u00e1rio de Pol\u00edtica Agr\u00edcola do Minist\u00e9rio da Agricultura, Neri Geller, reconheceu que o clima j\u00e1 n\u00e3o se mostra favor\u00e1vel na atual fase de plantio.<\/p>\n<p>&#8220;Estamos com alguns problemas principalmente no Centro-Oeste, onde as chuvas atrasaram de forma bastante significativa&#8221;, comentou.<\/p>\n<p>At\u00e9 a semana passada, por exemplo, a semeadura de soja em Mato Grosso, maior produtor nacional da oleaginosa, estava 10 pontos percentuais abaixo do registrado um ano antes, refletindo a seca em setembro, segundo o monitoramento do Instituto Mato-grossense de Economia Agropecu\u00e1ria (Imea).<\/p>\n<p>Dessa forma, Conab estima uma queda de produtividade m\u00e9dia de 4% para as culturas de ver\u00e3o e de inverno, reduzindo o potencial de produ\u00e7\u00e3o que a \u00e1rea plantada poderia trazer.<\/p>\n<p>Segundo a companhia, a semeadura de gr\u00e3os e oleaginosas tende a se manter est\u00e1vel, em 60,88 milh\u00f5es de hectares, ou a aumentar em 1,8%, para 62 milh\u00f5es de hectares, gra\u00e7as ao maior plantio de algod\u00e3o e, sobretudo, de soja.<\/p>\n<p>&#8220;A produtividade deve sofrer redu\u00e7\u00e3o para praticamente todas as culturas&#8221;, disse a Conab.<\/p>\n<p>Soja e milho<\/p>\n<p>A Conab disse que soja e milho continuar\u00e3o como as principais culturas do pa\u00eds, respondendo por cerca de 89% do total a ser produzido no pa\u00eds em 2017\/18.<\/p>\n<p>A expectativa \u00e9 de que a produ\u00e7\u00e3o de soja alcance entre 106 milh\u00f5es e 108 milh\u00f5es de toneladas, queda de 7,1% ou de 5,1% em rela\u00e7\u00e3o a 2016\/17, quando o Brasil colheu um recorde de 114,07 milh\u00f5es de toneladas.<\/p>\n<p>A \u00e1rea plantada com a oleaginosa deve alcan\u00e7ar um novo recorde e deve variar de 34,46 milh\u00f5es a 35,20 milh\u00f5es de hectares, avan\u00e7o de 1,6 ou de 3,8% sobre 2016\/17.<\/p>\n<p>Quanto ao milho, a Conab prev\u00ea uma produ\u00e7\u00e3o total (primeira e segunda safras) de 92,2 milh\u00f5es a 93,60 milh\u00f5es de toneladas, queda de 5,7 ou 4,3% ante 2016\/17.<\/p>\n<p>No caso do milho primeira safra, colhido no ver\u00e3o, o intervalo de produ\u00e7\u00e3o considerado pela Conab vai de 25 milh\u00f5es a 26,4 milh\u00f5es de toneladas, frente a 30,5 milh\u00f5es no ciclo anterior.<\/p>\n<p>J\u00e1 o chamado milho &#8220;safrinha&#8221; tende a alcan\u00e7ar 67,2 milh\u00f5es de toneladas, praticamente est\u00e1vel na compara\u00e7\u00e3o anual.<\/p>\n<p>A \u00e1rea total com milho deve oscilar de 17 milh\u00f5es a 17,25 milh\u00f5es de hectares, recuo de 3,1% a 1,9%.<\/p>\n<p>Segundo a Conab, a semeadura de milho &#8220;ver\u00e3o&#8221; deve cair entre 10,1 e 6,1%, atingindo de 4,93 milh\u00f5es a 5,14 milh\u00f5es de hectares, ao passo que o plantio de &#8220;safrinha&#8221; permaneceu em torno de 12,1 milh\u00f5es de hectares.<\/p>\n<p>Fonte: G1<\/p>\n","protected":false},"excerpt":{"rendered":"<p>A produ\u00e7\u00e3o de gr\u00e3os e oleaginosas pelo Brasil na safra 2017\/18 poder\u00e1 cair at\u00e9 6% na compara\u00e7\u00e3o com a temporada 2016\/17, quando o clima considerado&#8230;<\/p>\n","protected":false},"author":1182,"featured_media":18822,"comment_status":"closed","ping_status":"closed","sticky":false,"template":"","format":"standard","meta":{"footnotes":""},"categories":[6],"tags":[],"class_list":["post-25057","post","type-post","status-publish","format-standard","has-post-thumbnail","hentry","category-noticias"],"_links":{"self":[{"href":"https:\/\/www.sincomam.org.br\/index.php\/wp-json\/wp\/v2\/posts\/25057","targetHints":{"allow":["GET"]}}],"collection":[{"href":"https:\/\/www.sincomam.org.br\/index.php\/wp-json\/wp\/v2\/posts"}],"about":[{"href":"https:\/\/www.sincomam.org.br\/index.php\/wp-json\/wp\/v2\/types\/post"}],"author":[{"embeddable":true,"href":"https:\/\/www.sincomam.org.br\/index.php\/wp-json\/wp\/v2\/users\/1182"}],"replies":[{"embeddable":true,"href":"https:\/\/www.sincomam.org.br\/index.php\/wp-json\/wp\/v2\/comments?post=25057"}],"version-history":[{"count":1,"href":"https:\/\/www.sincomam.org.br\/index.php\/wp-json\/wp\/v2\/posts\/25057\/revisions"}],"predecessor-version":[{"id":25058,"href":"https:\/\/www.sincomam.org.br\/index.php\/wp-json\/wp\/v2\/posts\/25057\/revisions\/25058"}],"wp:featuredmedia":[{"embeddable":true,"href":"https:\/\/www.sincomam.org.br\/index.php\/wp-json\/wp\/v2\/media\/18822"}],"wp:attachment":[{"href":"https:\/\/www.sincomam.org.br\/index.php\/wp-json\/wp\/v2\/media?parent=25057"}],"wp:term":[{"taxonomy":"category","embeddable":true,"href":"https:\/\/www.sincomam.org.br\/index.php\/wp-json\/wp\/v2\/categories?post=25057"},{"taxonomy":"post_tag","embeddable":true,"href":"https:\/\/www.sincomam.org.br\/index.php\/wp-json\/wp\/v2\/tags?post=25057"}],"curies":[{"name":"wp","href":"https:\/\/api.w.org\/{rel}","templated":true}]}}