{"id":25051,"date":"2017-10-17T00:44:43","date_gmt":"2017-10-17T02:44:43","guid":{"rendered":"http:\/\/www.sincomam.org.br\/?p=25051"},"modified":"2017-10-15T15:45:35","modified_gmt":"2017-10-15T17:45:35","slug":"opep-volta-a-elevar-projecao-de-demanda-por-seu-petroleo-e-ve-deficit-em-2018","status":"publish","type":"post","link":"https:\/\/www.sincomam.org.br\/index.php\/opep-volta-a-elevar-projecao-de-demanda-por-seu-petroleo-e-ve-deficit-em-2018\/","title":{"rendered":"Opep volta a elevar proje\u00e7\u00e3o de demanda por seu petr\u00f3leo e v\u00ea d\u00e9ficit em 2018"},"content":{"rendered":"<p>A Organiza\u00e7\u00e3o dos Pa\u00edses Exportadores de Petr\u00f3leo (Opep) projetou maior demanda por petr\u00f3leo em 2018 e informou nesta quarta-feira que o acordo para cortes de produ\u00e7\u00e3o junto a pa\u00edses rivais tem obtido sucesso em reduzir o excesso de oferta, apontando para um mercado global que pode entrar em d\u00e9ficit no pr\u00f3ximo ano.<\/p>\n<p>Em relat\u00f3rio mensal, a Opep informou que o mercado pode encontrar suporte no inverno devido aos baixos estoques de combust\u00edveis derivados e proje\u00e7\u00f5es de tempo frio, que impulsiona o uso de derivados de petr\u00f3leo para aquecimento.<\/p>\n<p>A Opep disse que o mundo pode precisar de 33,06 milh\u00f5es de barris por dia (bpd) de seu petr\u00f3leo no pr\u00f3ximo ano, alta de 230 mil bpd ante sua \u00faltima previs\u00e3o. \u00c9 a terceira alta mensal consecutiva na proje\u00e7\u00e3o, feita pela primeira vez em julho.<\/p>\n<p>O relat\u00f3rio ilustra a crescente confian\u00e7a entre autoridades da Opep de que seu corte de oferta est\u00e1 funcionando. O petr\u00f3leo encontrou suporte no acordo, mas o Brent tem sido negociado abaixo de 57 d\u00f3lares por barril, ainda na metade dos n\u00edveis vistos em meados de 2014.<\/p>\n<p>\u201cCom o mercado caminhando para a temporada de inverno, a oferta de combust\u00edveis derivados est\u00e1 notadamente apertada, representando uma mudan\u00e7a do excesso de oferta visto nos \u00faltimos dois anos\u201d, disse a Opep no documento.<\/p>\n<p>\u201cA Opep e outros importantes pa\u00edses n\u00e3o membros continuam a drenar com sucesso o excesso de barris de petr\u00f3leo no mercado\u201d, afirmou o grupo no relat\u00f3rio.<\/p>\n<p>Fonte: Reuters<\/p>\n","protected":false},"excerpt":{"rendered":"<p>A Organiza\u00e7\u00e3o dos Pa\u00edses Exportadores de Petr\u00f3leo (Opep) projetou maior demanda por petr\u00f3leo em 2018 e informou nesta quarta-feira que o acordo para cortes de&#8230;<\/p>\n","protected":false},"author":1182,"featured_media":17857,"comment_status":"closed","ping_status":"closed","sticky":false,"template":"","format":"standard","meta":{"footnotes":""},"categories":[6],"tags":[],"class_list":["post-25051","post","type-post","status-publish","format-standard","has-post-thumbnail","hentry","category-noticias"],"_links":{"self":[{"href":"https:\/\/www.sincomam.org.br\/index.php\/wp-json\/wp\/v2\/posts\/25051","targetHints":{"allow":["GET"]}}],"collection":[{"href":"https:\/\/www.sincomam.org.br\/index.php\/wp-json\/wp\/v2\/posts"}],"about":[{"href":"https:\/\/www.sincomam.org.br\/index.php\/wp-json\/wp\/v2\/types\/post"}],"author":[{"embeddable":true,"href":"https:\/\/www.sincomam.org.br\/index.php\/wp-json\/wp\/v2\/users\/1182"}],"replies":[{"embeddable":true,"href":"https:\/\/www.sincomam.org.br\/index.php\/wp-json\/wp\/v2\/comments?post=25051"}],"version-history":[{"count":1,"href":"https:\/\/www.sincomam.org.br\/index.php\/wp-json\/wp\/v2\/posts\/25051\/revisions"}],"predecessor-version":[{"id":25052,"href":"https:\/\/www.sincomam.org.br\/index.php\/wp-json\/wp\/v2\/posts\/25051\/revisions\/25052"}],"wp:featuredmedia":[{"embeddable":true,"href":"https:\/\/www.sincomam.org.br\/index.php\/wp-json\/wp\/v2\/media\/17857"}],"wp:attachment":[{"href":"https:\/\/www.sincomam.org.br\/index.php\/wp-json\/wp\/v2\/media?parent=25051"}],"wp:term":[{"taxonomy":"category","embeddable":true,"href":"https:\/\/www.sincomam.org.br\/index.php\/wp-json\/wp\/v2\/categories?post=25051"},{"taxonomy":"post_tag","embeddable":true,"href":"https:\/\/www.sincomam.org.br\/index.php\/wp-json\/wp\/v2\/tags?post=25051"}],"curies":[{"name":"wp","href":"https:\/\/api.w.org\/{rel}","templated":true}]}}