{"id":25039,"date":"2017-10-16T15:36:31","date_gmt":"2017-10-16T17:36:31","guid":{"rendered":"http:\/\/www.sincomam.org.br\/?p=25039"},"modified":"2017-10-15T15:37:52","modified_gmt":"2017-10-15T17:37:52","slug":"jf-confirma-contato-entre-funaro-e-executivo","status":"publish","type":"post","link":"https:\/\/www.sincomam.org.br\/index.php\/jf-confirma-contato-entre-funaro-e-executivo\/","title":{"rendered":"J&#038;F confirma contato entre Funaro e executivo"},"content":{"rendered":"<p>A J&amp;F divulgou nota neste s\u00e1bado a respeito da colabora\u00e7\u00e3o premiada de seus executivos e da rela\u00e7\u00e3o estabelecida com o doleiro L\u00facio Funaro. A companhia afirmou que Funaro falava com Antonio Barreto, da \u00e1rea financeira da J&amp;F, e com outros funcion\u00e1rios, mas que eles n\u00e3o cometeram atos il\u00edcitos.<\/p>\n<p>\u201cA colabora\u00e7\u00e3o apresentada por Joesley Batista e por todos os executivos da J&amp;F enfrentou e esclareceu todos os aspectos de um esquema de corrup\u00e7\u00e3o sist\u00eamica no Pa\u00eds. Participaram da colabora\u00e7\u00e3o todas as pessoas envolvidas nos atos il\u00edcitos\u201d, disse a companhia.<\/p>\n<p>\u201cNesse processo de emiss\u00e3o de notas, reuni\u00f5es aparentemente formais, h\u00e1 de se tomar cuidado para que n\u00e3o sejam inclu\u00eddos os nomes de pessoas que nada t\u00eam a ver com o ocorrido. L\u00facio Funaro falava, sim, com Antonio Barreto, ent\u00e3o financeiro da J&amp;F, assim como com v\u00e1rios outros funcion\u00e1rios, mas assegura-se que eles n\u00e3o cometeram nenhum ato il\u00edcito. Era desnecess\u00e1rio que os que n\u00e3o tiveram envolvimento ou mesmo conhecimento do processo fizessem a colabora\u00e7\u00e3o\u201d, acrescentou.<\/p>\n<p>A J&amp;F afirma ainda que nem sempre era poss\u00edvel saber como Funaro operava com os pol\u00edticos. A companhia acrescentou que a colabora\u00e7\u00e3o de seus executivos foi completa e n\u00e3o houve nenhuma omiss\u00e3o.<\/p>\n<p>Fonte: Exame<\/p>\n","protected":false},"excerpt":{"rendered":"<p>A J&amp;F divulgou nota neste s\u00e1bado a respeito da colabora\u00e7\u00e3o premiada de seus executivos e da rela\u00e7\u00e3o estabelecida com o doleiro L\u00facio Funaro. A companhia&#8230;<\/p>\n","protected":false},"author":1182,"featured_media":22920,"comment_status":"closed","ping_status":"closed","sticky":false,"template":"","format":"standard","meta":{"footnotes":""},"categories":[6],"tags":[],"class_list":["post-25039","post","type-post","status-publish","format-standard","has-post-thumbnail","hentry","category-noticias"],"_links":{"self":[{"href":"https:\/\/www.sincomam.org.br\/index.php\/wp-json\/wp\/v2\/posts\/25039","targetHints":{"allow":["GET"]}}],"collection":[{"href":"https:\/\/www.sincomam.org.br\/index.php\/wp-json\/wp\/v2\/posts"}],"about":[{"href":"https:\/\/www.sincomam.org.br\/index.php\/wp-json\/wp\/v2\/types\/post"}],"author":[{"embeddable":true,"href":"https:\/\/www.sincomam.org.br\/index.php\/wp-json\/wp\/v2\/users\/1182"}],"replies":[{"embeddable":true,"href":"https:\/\/www.sincomam.org.br\/index.php\/wp-json\/wp\/v2\/comments?post=25039"}],"version-history":[{"count":1,"href":"https:\/\/www.sincomam.org.br\/index.php\/wp-json\/wp\/v2\/posts\/25039\/revisions"}],"predecessor-version":[{"id":25040,"href":"https:\/\/www.sincomam.org.br\/index.php\/wp-json\/wp\/v2\/posts\/25039\/revisions\/25040"}],"wp:featuredmedia":[{"embeddable":true,"href":"https:\/\/www.sincomam.org.br\/index.php\/wp-json\/wp\/v2\/media\/22920"}],"wp:attachment":[{"href":"https:\/\/www.sincomam.org.br\/index.php\/wp-json\/wp\/v2\/media?parent=25039"}],"wp:term":[{"taxonomy":"category","embeddable":true,"href":"https:\/\/www.sincomam.org.br\/index.php\/wp-json\/wp\/v2\/categories?post=25039"},{"taxonomy":"post_tag","embeddable":true,"href":"https:\/\/www.sincomam.org.br\/index.php\/wp-json\/wp\/v2\/tags?post=25039"}],"curies":[{"name":"wp","href":"https:\/\/api.w.org\/{rel}","templated":true}]}}