{"id":25034,"date":"2017-10-16T00:33:17","date_gmt":"2017-10-16T02:33:17","guid":{"rendered":"http:\/\/www.sincomam.org.br\/?p=25034"},"modified":"2017-10-15T15:34:03","modified_gmt":"2017-10-15T17:34:03","slug":"setor-privado-aguarda-criacao-de-grupo-para-debater-dragagem","status":"publish","type":"post","link":"https:\/\/www.sincomam.org.br\/index.php\/setor-privado-aguarda-criacao-de-grupo-para-debater-dragagem\/","title":{"rendered":"Setor privado aguarda cria\u00e7\u00e3o de grupo para debater dragagem"},"content":{"rendered":"<p>As associa\u00e7\u00f5es empresariais e as entidades do Porto de Santos que pedem a privatiza\u00e7\u00e3o da gest\u00e3o da dragagem do complexo santista aguardam a publica\u00e7\u00e3o da portaria que definir\u00e1 o grupo de trabalho interministerial respons\u00e1vel pela an\u00e1lise do pedido. Enquanto isso, continuam seus estudos para a defini\u00e7\u00e3o de um modelo de contrata\u00e7\u00e3o mais eficaz para a obra, fundamental para a competitividade do cais santista.\u00a0<\/p>\n<p>A proposta enviada ao Governo Federal em agosto prev\u00ea a cria\u00e7\u00e3o de um cons\u00f3rcio formado por arrendat\u00e1rios, operadores portu\u00e1rios, terminais privados e, possivelmente, a Autoridade Portu\u00e1ria. A ideia \u00e9 que a nova empresa tenha como \u00fanico objetivo garantir a dragagem do Porto. Como remunera\u00e7\u00e3o, ela receberia parte da tarifa destinada \u00e0 manuten\u00e7\u00e3o das profundidades do cais santista.\u00a0<\/p>\n<p>A proposta ser\u00e1 analisada pelo Governo Federal, mas, primeiro, \u00e9 necess\u00e1ria a cria\u00e7\u00e3o do grupo de trabalho. Havia a expectativa de que a portaria que nomeia os integrantes dessa equipe fosse publicada at\u00e9 22 setembro. Esta foi a informa\u00e7\u00e3o da senadora Marta Suplicy (PMDB), durante a 15\u00aa edi\u00e7\u00e3o do Santos Export &#8211; F\u00f3rum Internacional para a Expans\u00e3o do Porto de Santos, realizado em 11 e 12 setembro \u00faltimos, em Santos, pelo Grupo Tribuna.<\/p>\n<p>Depois, o ministro dos Transportes, Portos e Avia\u00e7\u00e3o Civil, Maur\u00edcio Quintella, afirmou que a portaria seria publicada na semana passada, o que tamb\u00e9m n\u00e3o aconteceu. Procurada, a pasta informou, atrav\u00e9s de sua assessoria de imprensa, que \u201co escopo de atua\u00e7\u00e3o (do grupo de trabalho) ainda est\u00e1 sendo definido pelo Minist\u00e9rio\u201d.<\/p>\n<p>Na espera<\/p>\n<p>No setor, o clima \u00e9 de expectativa e ansiedade. O Sindicato dos Operadores Portu\u00e1rios do Estado de S\u00e3o Paulo (Sopesp) aguarda a defini\u00e7\u00e3o do governo. \u201cEsperamos que os trabalhos se realizem no mais breve espa\u00e7o de tempo poss\u00edvel, visando o novo modelo para a dragagem do Porto de Santos, de maneira a evitar novos gargalos e preju\u00edzos que representam a redu\u00e7\u00e3o inesperada da profundidade e do calado do Porto, garantindo assim o tr\u00e1fego mar\u00edtimo em condi\u00e7\u00f5es de competitividade, em benef\u00edcio da economia do Pa\u00eds\u201d, destacou o diretor-presidente do Sopesp, Jo\u00e3o Almeida.\u00a0<\/p>\n<p>A mesma opini\u00e3o tem o presidente da Federa\u00e7\u00e3o Nacional dos Operadores Portu\u00e1rios (Fenop), S\u00e9rgio Aquino. Para ele, quest\u00f5es pol\u00edticas podem ter atrasado a publica\u00e7\u00e3o da portaria. Mas o executivo segue confiante de que a quest\u00e3o ser\u00e1 resolvida rapidamente.<\/p>\n<p>\u201cA gente acredita que essa fase que o Governo est\u00e1 vivendo, de equacionamento de decis\u00f5es no Congresso, pode ter atrasado um pouco. Mas n\u00f3s estamos confiantes de que o Governo vai emitir, sim, a portaria do grupo de trabalho, conforme foi definido\u201d, afirmou.<\/p>\n<p>Aquino destaca o empenho da iniciativa privada em resolver o problema da dragagem no Porto. Ele diz que \u201cas entidades continuam desenvolvendo trabalhos t\u00e9cnicos, estudos de viabilidade econ\u00f4mica. Mas o di\u00e1logo com o governo sobre a forma depende da forma\u00e7\u00e3o do grupo\u201d.<\/p>\n<p>O presidente da Associa\u00e7\u00e3o Comercial de Santos, Roberto Clemente Santini, defende que \u201co Governo Federal aja rapidamente no sentido de demonstrar claramente sua disposi\u00e7\u00e3o em debater e resolver o assunto. O Porto de Santos n\u00e3o suporta mais viver esse clima de incerteza em torno da dragagem\u201d.<\/p>\n<p>J\u00e1 o diretor-presidente da Associa\u00e7\u00e3o Brasileira de Terminais Portu\u00e1rios (ABTP), Jos\u00e9 Di Bella Filho, acredita que a quest\u00e3o ser\u00e1 resolvida rapidamente, j\u00e1 que o ministro Maur\u00edcio Quintella voltou ao Pa\u00eds ap\u00f3s agenda na Europa. \u201cO que se espera \u00e9 que essa portaria saia logo. A gente acredita que, com o retorno do ministro, as coisas sejam resolvidas\u201d, afirmou o executivo.\u00a0<\/p>\n<p>Fonte: A Tribuna<\/p>\n","protected":false},"excerpt":{"rendered":"<p>As associa\u00e7\u00f5es empresariais e as entidades do Porto de Santos que pedem a privatiza\u00e7\u00e3o da gest\u00e3o da dragagem do complexo santista aguardam a publica\u00e7\u00e3o da&#8230;<\/p>\n","protected":false},"author":1182,"featured_media":18713,"comment_status":"closed","ping_status":"closed","sticky":false,"template":"","format":"standard","meta":{"footnotes":""},"categories":[6],"tags":[],"class_list":["post-25034","post","type-post","status-publish","format-standard","has-post-thumbnail","hentry","category-noticias"],"_links":{"self":[{"href":"https:\/\/www.sincomam.org.br\/index.php\/wp-json\/wp\/v2\/posts\/25034","targetHints":{"allow":["GET"]}}],"collection":[{"href":"https:\/\/www.sincomam.org.br\/index.php\/wp-json\/wp\/v2\/posts"}],"about":[{"href":"https:\/\/www.sincomam.org.br\/index.php\/wp-json\/wp\/v2\/types\/post"}],"author":[{"embeddable":true,"href":"https:\/\/www.sincomam.org.br\/index.php\/wp-json\/wp\/v2\/users\/1182"}],"replies":[{"embeddable":true,"href":"https:\/\/www.sincomam.org.br\/index.php\/wp-json\/wp\/v2\/comments?post=25034"}],"version-history":[{"count":1,"href":"https:\/\/www.sincomam.org.br\/index.php\/wp-json\/wp\/v2\/posts\/25034\/revisions"}],"predecessor-version":[{"id":25035,"href":"https:\/\/www.sincomam.org.br\/index.php\/wp-json\/wp\/v2\/posts\/25034\/revisions\/25035"}],"wp:featuredmedia":[{"embeddable":true,"href":"https:\/\/www.sincomam.org.br\/index.php\/wp-json\/wp\/v2\/media\/18713"}],"wp:attachment":[{"href":"https:\/\/www.sincomam.org.br\/index.php\/wp-json\/wp\/v2\/media?parent=25034"}],"wp:term":[{"taxonomy":"category","embeddable":true,"href":"https:\/\/www.sincomam.org.br\/index.php\/wp-json\/wp\/v2\/categories?post=25034"},{"taxonomy":"post_tag","embeddable":true,"href":"https:\/\/www.sincomam.org.br\/index.php\/wp-json\/wp\/v2\/tags?post=25034"}],"curies":[{"name":"wp","href":"https:\/\/api.w.org\/{rel}","templated":true}]}}