{"id":24934,"date":"2017-10-09T00:04:05","date_gmt":"2017-10-09T03:04:05","guid":{"rendered":"http:\/\/www.sincomam.org.br\/?p=24934"},"modified":"2017-10-03T23:04:52","modified_gmt":"2017-10-04T02:04:52","slug":"temer-diz-que-ira-depor-em-inquerito-sobre-decreto-dos-portos","status":"publish","type":"post","link":"https:\/\/www.sincomam.org.br\/index.php\/temer-diz-que-ira-depor-em-inquerito-sobre-decreto-dos-portos\/","title":{"rendered":"Temer diz que ir\u00e1 depor em inqu\u00e9rito sobre Decreto dos Portos"},"content":{"rendered":"<p>O presidente Michel Temer afirmou que vai prestar depoimento no \u00e2mbito do inqu\u00e9rito em que \u00e9 investigado por suposta fraude na edi\u00e7\u00e3o do chamado Decreto dos Portos. O pemedebista \u00e9 suspeito de favorecer a empresa Rodrimar. &#8220;O presidente da Rep\u00fablica, Michel Temer, responder\u00e1 aos questionamentos pertinentes ao inqu\u00e9rito&#8221;, afirmou, em nota, a Secretaria de Imprensa do Pal\u00e1cio do Planalto.<\/p>\n<p>A procuradora-geral da Rep\u00fablica, Raquel Dodge, pediu ao STF a oitiva do presidente e outras sete pessoas, como executivos da Rodrimar e da JBS, al\u00e9m do ex-deputado Rodrigo Rocha Loures, investigado no mesmo inqu\u00e9rito. O relator \u00e9 o ministro Lu\u00eds Roberto Barroso.<\/p>\n<p>Na mesma nota, Temer afirma que &#8220;houve amplo debate com o setor antes da publica\u00e7\u00e3o do decreto de renova\u00e7\u00e3o das concess\u00f5es de portos&#8221; e que &#8220;todos os dados s\u00e3o p\u00fablicos&#8221;.<\/p>\n<p>&#8220;O assunto n\u00e3o comportava nenhum sigilo ou informa\u00e7\u00e3o privilegiada, apenas a publica\u00e7\u00e3o do decreto que finaliza o longo processo de negocia\u00e7\u00e3o entre o governo e o setor empresarial, como \u00e9 comum e leg\u00edtimo em uma democracia&#8221;, diz o texto.<\/p>\n<p>Fonte: Reuters<\/p>\n","protected":false},"excerpt":{"rendered":"<p>O presidente Michel Temer afirmou que vai prestar depoimento no \u00e2mbito do inqu\u00e9rito em que \u00e9 investigado por suposta fraude na edi\u00e7\u00e3o do chamado Decreto&#8230;<\/p>\n","protected":false},"author":1182,"featured_media":19480,"comment_status":"closed","ping_status":"closed","sticky":false,"template":"","format":"standard","meta":{"footnotes":""},"categories":[6],"tags":[],"class_list":["post-24934","post","type-post","status-publish","format-standard","has-post-thumbnail","hentry","category-noticias"],"_links":{"self":[{"href":"https:\/\/www.sincomam.org.br\/index.php\/wp-json\/wp\/v2\/posts\/24934","targetHints":{"allow":["GET"]}}],"collection":[{"href":"https:\/\/www.sincomam.org.br\/index.php\/wp-json\/wp\/v2\/posts"}],"about":[{"href":"https:\/\/www.sincomam.org.br\/index.php\/wp-json\/wp\/v2\/types\/post"}],"author":[{"embeddable":true,"href":"https:\/\/www.sincomam.org.br\/index.php\/wp-json\/wp\/v2\/users\/1182"}],"replies":[{"embeddable":true,"href":"https:\/\/www.sincomam.org.br\/index.php\/wp-json\/wp\/v2\/comments?post=24934"}],"version-history":[{"count":1,"href":"https:\/\/www.sincomam.org.br\/index.php\/wp-json\/wp\/v2\/posts\/24934\/revisions"}],"predecessor-version":[{"id":24935,"href":"https:\/\/www.sincomam.org.br\/index.php\/wp-json\/wp\/v2\/posts\/24934\/revisions\/24935"}],"wp:featuredmedia":[{"embeddable":true,"href":"https:\/\/www.sincomam.org.br\/index.php\/wp-json\/wp\/v2\/media\/19480"}],"wp:attachment":[{"href":"https:\/\/www.sincomam.org.br\/index.php\/wp-json\/wp\/v2\/media?parent=24934"}],"wp:term":[{"taxonomy":"category","embeddable":true,"href":"https:\/\/www.sincomam.org.br\/index.php\/wp-json\/wp\/v2\/categories?post=24934"},{"taxonomy":"post_tag","embeddable":true,"href":"https:\/\/www.sincomam.org.br\/index.php\/wp-json\/wp\/v2\/tags?post=24934"}],"curies":[{"name":"wp","href":"https:\/\/api.w.org\/{rel}","templated":true}]}}