{"id":24930,"date":"2017-10-09T00:01:34","date_gmt":"2017-10-09T03:01:34","guid":{"rendered":"http:\/\/www.sincomam.org.br\/?p=24930"},"modified":"2017-10-03T23:02:33","modified_gmt":"2017-10-04T02:02:33","slug":"privatizacao-da-petrobras-pode-ocorrer-no-futuro-diz-ministro","status":"publish","type":"post","link":"https:\/\/www.sincomam.org.br\/index.php\/privatizacao-da-petrobras-pode-ocorrer-no-futuro-diz-ministro\/","title":{"rendered":"Privatiza\u00e7\u00e3o da Petrobras pode ocorrer no futuro, diz ministro"},"content":{"rendered":"<p>Uma eventual privatiza\u00e7\u00e3o da Petrobras pode &#8220;acontecer&#8221; no futuro, disse na noite de segunda-feira (2) o ministro de Minas e Energia, Fernando Coelho Filho, em uma declara\u00e7\u00e3o surpreendente no momento em que o governo trabalha na venda da Eletrobras.<\/p>\n<p>&#8220;\u00c9 um caminho&#8221;, afirmou ele em entrevista ao programa Roda Viva, da TV Cultura, sobre a possibilidade de privatiza\u00e7\u00e3o da estatal de petr\u00f3leo no longo prazo.<\/p>\n<p>Questionado por jornalistas nesta ter\u00e7a sobre a declara\u00e7\u00e3o, o ministro afirmou que o assunto est\u00e1 &#8220;fora de cogita\u00e7\u00e3o&#8221; no atual governo. &#8220;N\u00e3o estamos tratando disso, estamos tratando de Eletrobras&#8221;, afirmou ele em Bras\u00edlia, reconhecendo que um debate sobre esse assunto poderia ser iniciado no futuro, mas n\u00e3o no atual governo.<\/p>\n<p>Em rela\u00e7\u00e3o \u00e0 privatiza\u00e7\u00e3o da Eletrobras, o ministro disse que o processo incluir\u00e1 Furnas e Chesf. &#8220;Vamos privatizar a holding e as unidades afiliadas&#8221;, disse Coelho Filho.<\/p>\n<p>&#8220;Estamos cientes de que h\u00e1 uma s\u00e9rie de etapas e compromissos a serem passados. Temos condi\u00e7\u00f5es de entregar, sim, at\u00e9 2018&#8221;, acrescentou, referindo-se ao processo de privatiza\u00e7\u00e3o da el\u00e9trica.<\/p>\n<p>Na segunda-feira, o presidente da el\u00e9trica, Wilson Ferreira Jr., disse que a companhia dever\u00e1 manter uma participa\u00e7\u00e3o minorit\u00e1ria em suas seis distribuidoras de eletricidade que atuam no Norte e Nordeste ap\u00f3s privatiz\u00e1-las, o que est\u00e1 previsto para acontecer at\u00e9 o primeiro trimestre de 2018.\u00a0<\/p>\n<p>Fonte: Folha SP<\/p>\n","protected":false},"excerpt":{"rendered":"<p>Uma eventual privatiza\u00e7\u00e3o da Petrobras pode &#8220;acontecer&#8221; no futuro, disse na noite de segunda-feira (2) o ministro de Minas e Energia, Fernando Coelho Filho, em&#8230;<\/p>\n","protected":false},"author":1182,"featured_media":10689,"comment_status":"closed","ping_status":"closed","sticky":false,"template":"","format":"standard","meta":{"footnotes":""},"categories":[6],"tags":[],"class_list":["post-24930","post","type-post","status-publish","format-standard","has-post-thumbnail","hentry","category-noticias"],"_links":{"self":[{"href":"https:\/\/www.sincomam.org.br\/index.php\/wp-json\/wp\/v2\/posts\/24930","targetHints":{"allow":["GET"]}}],"collection":[{"href":"https:\/\/www.sincomam.org.br\/index.php\/wp-json\/wp\/v2\/posts"}],"about":[{"href":"https:\/\/www.sincomam.org.br\/index.php\/wp-json\/wp\/v2\/types\/post"}],"author":[{"embeddable":true,"href":"https:\/\/www.sincomam.org.br\/index.php\/wp-json\/wp\/v2\/users\/1182"}],"replies":[{"embeddable":true,"href":"https:\/\/www.sincomam.org.br\/index.php\/wp-json\/wp\/v2\/comments?post=24930"}],"version-history":[{"count":1,"href":"https:\/\/www.sincomam.org.br\/index.php\/wp-json\/wp\/v2\/posts\/24930\/revisions"}],"predecessor-version":[{"id":24931,"href":"https:\/\/www.sincomam.org.br\/index.php\/wp-json\/wp\/v2\/posts\/24930\/revisions\/24931"}],"wp:featuredmedia":[{"embeddable":true,"href":"https:\/\/www.sincomam.org.br\/index.php\/wp-json\/wp\/v2\/media\/10689"}],"wp:attachment":[{"href":"https:\/\/www.sincomam.org.br\/index.php\/wp-json\/wp\/v2\/media?parent=24930"}],"wp:term":[{"taxonomy":"category","embeddable":true,"href":"https:\/\/www.sincomam.org.br\/index.php\/wp-json\/wp\/v2\/categories?post=24930"},{"taxonomy":"post_tag","embeddable":true,"href":"https:\/\/www.sincomam.org.br\/index.php\/wp-json\/wp\/v2\/tags?post=24930"}],"curies":[{"name":"wp","href":"https:\/\/api.w.org\/{rel}","templated":true}]}}