{"id":24918,"date":"2017-10-09T00:54:43","date_gmt":"2017-10-09T03:54:43","guid":{"rendered":"http:\/\/www.sincomam.org.br\/?p=24918"},"modified":"2017-10-03T22:55:38","modified_gmt":"2017-10-04T01:55:38","slug":"vendas-de-veiculos-novos-sobem-245-no-brasil-em-setembro","status":"publish","type":"post","link":"https:\/\/www.sincomam.org.br\/index.php\/vendas-de-veiculos-novos-sobem-245-no-brasil-em-setembro\/","title":{"rendered":"Vendas de ve\u00edculos novos sobem 24,5% no Brasil em setembro"},"content":{"rendered":"<p>As vendas de ve\u00edculos novos no Pa\u00eds subiram 24,5% em setembro na compara\u00e7\u00e3o com o mesmo per\u00edodo de 2016, dando continuidade \u00e0 recupera\u00e7\u00e3o do mercado automotivo ap\u00f3s quatro anos em queda. Foi o quinto m\u00eas consecutivo de crescimento no comparativo interanual.<\/p>\n<p>Os dados integram um balan\u00e7o pr\u00e9vio, obtido com fontes do mercado e sujeito a pequenos ajustes em rela\u00e7\u00e3o aos n\u00fameros a serem divulgados nesta ter\u00e7a-feira, 3, pela Fenabrave, entidade que representa as concession\u00e1rias, e na quinta-feira, 5, pela Anfavea, associa\u00e7\u00e3o das montadoras. No total, foram vendidos 199,2 mil ve\u00edculos no m\u00eas passado, entre carros de passeio, utilit\u00e1rios leves &#8211; como picapes e vans -, caminh\u00f5es e \u00f4nibus.<\/p>\n<p>O desempenho eleva o total comercializado desde o in\u00edcio do ano para 1,62 milh\u00e3o, alta de 7,4% sobre os nove primeiros meses de 2016. O resultado est\u00e1 em linha com a previs\u00e3o feita pela Anfavea de alta de 7,3% nos emplacamentos do ano e mostra uma acelera\u00e7\u00e3o no ritmo de rea\u00e7\u00e3o do mercado, que vinha de um crescimento acumulado de 5,3% no fim de agosto.<\/p>\n<p>++Balan\u00e7a comercial em setembro tem o melhor resultado desde 1989<\/p>\n<p>As concession\u00e1rias venderam quase 10 mil ve\u00edculos a cada dia que abriram as portas no m\u00eas passado, ou 547 unidades a mais do que a m\u00e9dia di\u00e1ria de agosto. Setembro ficou, por\u00e9m, 8% abaixo do total vendido em agosto em virtude de seu calend\u00e1rio mais curto, com tr\u00eas dias \u00fateis a menos de venda.<\/p>\n<p>Fonte: Estad\u00e3o<\/p>\n","protected":false},"excerpt":{"rendered":"<p>As vendas de ve\u00edculos novos no Pa\u00eds subiram 24,5% em setembro na compara\u00e7\u00e3o com o mesmo per\u00edodo de 2016, dando continuidade \u00e0 recupera\u00e7\u00e3o do mercado&#8230;<\/p>\n","protected":false},"author":1182,"featured_media":19069,"comment_status":"closed","ping_status":"closed","sticky":false,"template":"","format":"standard","meta":{"footnotes":""},"categories":[6],"tags":[],"class_list":["post-24918","post","type-post","status-publish","format-standard","has-post-thumbnail","hentry","category-noticias"],"_links":{"self":[{"href":"https:\/\/www.sincomam.org.br\/index.php\/wp-json\/wp\/v2\/posts\/24918","targetHints":{"allow":["GET"]}}],"collection":[{"href":"https:\/\/www.sincomam.org.br\/index.php\/wp-json\/wp\/v2\/posts"}],"about":[{"href":"https:\/\/www.sincomam.org.br\/index.php\/wp-json\/wp\/v2\/types\/post"}],"author":[{"embeddable":true,"href":"https:\/\/www.sincomam.org.br\/index.php\/wp-json\/wp\/v2\/users\/1182"}],"replies":[{"embeddable":true,"href":"https:\/\/www.sincomam.org.br\/index.php\/wp-json\/wp\/v2\/comments?post=24918"}],"version-history":[{"count":1,"href":"https:\/\/www.sincomam.org.br\/index.php\/wp-json\/wp\/v2\/posts\/24918\/revisions"}],"predecessor-version":[{"id":24919,"href":"https:\/\/www.sincomam.org.br\/index.php\/wp-json\/wp\/v2\/posts\/24918\/revisions\/24919"}],"wp:featuredmedia":[{"embeddable":true,"href":"https:\/\/www.sincomam.org.br\/index.php\/wp-json\/wp\/v2\/media\/19069"}],"wp:attachment":[{"href":"https:\/\/www.sincomam.org.br\/index.php\/wp-json\/wp\/v2\/media?parent=24918"}],"wp:term":[{"taxonomy":"category","embeddable":true,"href":"https:\/\/www.sincomam.org.br\/index.php\/wp-json\/wp\/v2\/categories?post=24918"},{"taxonomy":"post_tag","embeddable":true,"href":"https:\/\/www.sincomam.org.br\/index.php\/wp-json\/wp\/v2\/tags?post=24918"}],"curies":[{"name":"wp","href":"https:\/\/api.w.org\/{rel}","templated":true}]}}