{"id":24912,"date":"2017-10-05T00:00:11","date_gmt":"2017-10-05T03:00:11","guid":{"rendered":"http:\/\/www.sincomam.org.br\/?p=24912"},"modified":"2017-10-03T22:52:10","modified_gmt":"2017-10-04T01:52:10","slug":"obra-do-acesso-norte-a-imbituba-segue-sem-operarios","status":"publish","type":"post","link":"https:\/\/www.sincomam.org.br\/index.php\/obra-do-acesso-norte-a-imbituba-segue-sem-operarios\/","title":{"rendered":"Obra do acesso Norte a Imbituba segue sem oper\u00e1rios"},"content":{"rendered":"<p>As obras do Acesso Norte ao Porto de Imbituba que j\u00e1 deveriam estar conclu\u00eddas continuam paradas. O local \u00e9 uma das principais vias de entrada da cidade e conecta v\u00e1rios bairros de regi\u00f5es diferentes. Preocupados com a falta de seguran\u00e7a e paralisa\u00e7\u00e3o da obra, moradores realizaram uma mobiliza\u00e7\u00e3o na avenida Marieta Konder Bornhausen, no meio do trecho do acesso Norte, organizada pelo Conselho Municipal das Associa\u00e7\u00f5es de Imbituba (Comai).<\/p>\n<p>Munidos de faixas e cartazes, os representantes das comunidades cobram por melhorias na sinaliza\u00e7\u00e3o, instala\u00e7\u00e3o de redutores de velocidade e nivelamento da pista, que segundo eles, s\u00e3o medidas urgentes. A constru\u00e7\u00e3o de cal\u00e7ada e ciclovia tamb\u00e9m s\u00e3o prioridades do movimento. \u201cJ\u00e1 nos manifestamos por meio de documentos que foram protocolados nos \u00f3rg\u00e3os respons\u00e1veis e n\u00e3o obtivemos resposta \u00e0 altura. No momento, o direito das pessoas \u00e0 seguran\u00e7a est\u00e1 sendo violado\u201d, afirma o conselho.<\/p>\n<p>A obra de recapeamento de 5,2 quil\u00f4metros do trecho, financiada em conv\u00eanio com a prefeitura, Porto e governo do Estado, est\u00e1 em 86,38% executada. Or\u00e7ada em R$ 13.144.515,82, a reabilita\u00e7\u00e3o do acesso incluiu a instala\u00e7\u00e3o de pavimento r\u00edgido \u2013 white-topping -, a adequa\u00e7\u00e3o da drenagem pluvial e de toda a sinaliza\u00e7\u00e3o da avenida Marieta Konder Bornhausen e da rua Manoel Florentino Machado, o que gerou um aditivo de R$ 1.443.273,93.\u00a0<\/p>\n<p>Recurso do governo do Estado n\u00e3o foi repassado<\/p>\n<p>A prefeitura assinou um termo de responsabilidade para divis\u00e3o do pagamento do aditivo proposto pela empresa Setep (empreiteira respons\u00e1vel pela execu\u00e7\u00e3o da obra) e exigiu que a obra recebesse as conclus\u00f5es necess\u00e1rias para a trafegabilidade e a seguran\u00e7a, por\u00e9m, at\u00e9 o momento nada foi feito. O prefeito Rosenvaldo J\u00fanior, informou que a empresa Setep deve retomar as obras nos pr\u00f3ximos dias. \u201cA obra deve reiniciar pela sinaliza\u00e7\u00e3o, em decorr\u00eancia da seguran\u00e7a, a pedido nosso. Estamos em conversa di\u00e1ria com o governo do Estado para regulariza\u00e7\u00e3o dos pagamentos e assinatura do termo aditivo\u201d, relata. Os valores assumidos pelo governo do Estado ainda n\u00e3o foram repassados, a secretaria da Infraestrutura descentralizou R$ 3 milh\u00f5es, em quatro parcelas, para a Ag\u00eancia de Desenvolvimento Regional (ADR) de Laguna prosseguir o cronograma da pavimenta\u00e7\u00e3o. No entanto, at\u00e9 o momento os valores n\u00e3o foram saldados. A prefeitura e a SC Par est\u00e3o com os pagamentos em dia.<\/p>\n<p>Fonte: Notisul<\/p>\n","protected":false},"excerpt":{"rendered":"<p>As obras do Acesso Norte ao Porto de Imbituba que j\u00e1 deveriam estar conclu\u00eddas continuam paradas. O local \u00e9 uma das principais vias de entrada&#8230;<\/p>\n","protected":false},"author":1182,"featured_media":22104,"comment_status":"closed","ping_status":"closed","sticky":false,"template":"","format":"standard","meta":{"footnotes":""},"categories":[6],"tags":[],"class_list":["post-24912","post","type-post","status-publish","format-standard","has-post-thumbnail","hentry","category-noticias"],"_links":{"self":[{"href":"https:\/\/www.sincomam.org.br\/index.php\/wp-json\/wp\/v2\/posts\/24912","targetHints":{"allow":["GET"]}}],"collection":[{"href":"https:\/\/www.sincomam.org.br\/index.php\/wp-json\/wp\/v2\/posts"}],"about":[{"href":"https:\/\/www.sincomam.org.br\/index.php\/wp-json\/wp\/v2\/types\/post"}],"author":[{"embeddable":true,"href":"https:\/\/www.sincomam.org.br\/index.php\/wp-json\/wp\/v2\/users\/1182"}],"replies":[{"embeddable":true,"href":"https:\/\/www.sincomam.org.br\/index.php\/wp-json\/wp\/v2\/comments?post=24912"}],"version-history":[{"count":1,"href":"https:\/\/www.sincomam.org.br\/index.php\/wp-json\/wp\/v2\/posts\/24912\/revisions"}],"predecessor-version":[{"id":24913,"href":"https:\/\/www.sincomam.org.br\/index.php\/wp-json\/wp\/v2\/posts\/24912\/revisions\/24913"}],"wp:featuredmedia":[{"embeddable":true,"href":"https:\/\/www.sincomam.org.br\/index.php\/wp-json\/wp\/v2\/media\/22104"}],"wp:attachment":[{"href":"https:\/\/www.sincomam.org.br\/index.php\/wp-json\/wp\/v2\/media?parent=24912"}],"wp:term":[{"taxonomy":"category","embeddable":true,"href":"https:\/\/www.sincomam.org.br\/index.php\/wp-json\/wp\/v2\/categories?post=24912"},{"taxonomy":"post_tag","embeddable":true,"href":"https:\/\/www.sincomam.org.br\/index.php\/wp-json\/wp\/v2\/tags?post=24912"}],"curies":[{"name":"wp","href":"https:\/\/api.w.org\/{rel}","templated":true}]}}