{"id":24908,"date":"2017-10-05T00:00:07","date_gmt":"2017-10-05T03:00:07","guid":{"rendered":"http:\/\/www.sincomam.org.br\/?p=24908"},"modified":"2017-10-03T22:49:43","modified_gmt":"2017-10-04T01:49:43","slug":"abtra-tem-novo-diretor-executivo","status":"publish","type":"post","link":"https:\/\/www.sincomam.org.br\/index.php\/abtra-tem-novo-diretor-executivo\/","title":{"rendered":"ABTRA tem novo diretor executivo"},"content":{"rendered":"<p>Angelino Caputo e Oliveira assumiu nesta semana a diretoria-executiva da ABTRA, de acordo com a decis\u00e3o do Conselho de Administra\u00e7\u00e3o da entidade, presidido pelo empres\u00e1rio Bayard Umbuzeiro Filho.<\/p>\n<p>Na nova fun\u00e7\u00e3o, Angelino passa a comandar a equipe t\u00e9cnica da Associa\u00e7\u00e3o, com foco nas a\u00e7\u00f5es em defesa dos interesses das 60 empresas portu\u00e1rias associadas e no desenvolvimento sustent\u00e1vel do setor.<\/p>\n<p>Seguir\u00e1 na articula\u00e7\u00e3o de parcerias com os poderes p\u00fablicos em favor da estabilidade jur\u00eddica e regulat\u00f3ria no setor portu\u00e1rio e no refor\u00e7o de sua participa\u00e7\u00e3o na cadeia log\u00edstica do com\u00e9rcio exterior brasileiro.<\/p>\n<p>Com 33 anos de experi\u00eancia no mercado, o novo diretor-executivo da ABTRA ocupou a presid\u00eancia da Companhia Docas do Estado de S\u00e3o Paulo (Codesp) e, recentemente, a secretaria-adjunta de Tecnologia da Informa\u00e7\u00e3o do Minist\u00e9rio do Planejamento.\u00a0\u00a0<\/p>\n<p>Em tempo, a ex-coordenadora de projetos da ABTRA, Juliana Rodrigues, assume o cargo de gerente de Tecnologia da Informa\u00e7\u00e3o dessa entidade.<\/p>\n<p>Juliana vai gerir a manuten\u00e7\u00e3o e o aprimoramento dos sistemas da ABTRA, que integram terminais, \u00f3rg\u00e3os anuentes e demais agentes intervenientes do com\u00e9rcio exterior nos portos.<\/p>\n<p>Al\u00e9m disso, ter\u00e1 por desafio ampliar a contribui\u00e7\u00e3o da Associa\u00e7\u00e3o para a moderniza\u00e7\u00e3o dos sistemas e procedimentos aduaneiros.<\/p>\n<p>Fonte: ABTRA<\/p>\n","protected":false},"excerpt":{"rendered":"<p>Angelino Caputo e Oliveira assumiu nesta semana a diretoria-executiva da ABTRA, de acordo com a decis\u00e3o do Conselho de Administra\u00e7\u00e3o da entidade, presidido pelo empres\u00e1rio&#8230;<\/p>\n","protected":false},"author":1182,"featured_media":18713,"comment_status":"closed","ping_status":"closed","sticky":false,"template":"","format":"standard","meta":{"footnotes":""},"categories":[6],"tags":[],"class_list":["post-24908","post","type-post","status-publish","format-standard","has-post-thumbnail","hentry","category-noticias"],"_links":{"self":[{"href":"https:\/\/www.sincomam.org.br\/index.php\/wp-json\/wp\/v2\/posts\/24908","targetHints":{"allow":["GET"]}}],"collection":[{"href":"https:\/\/www.sincomam.org.br\/index.php\/wp-json\/wp\/v2\/posts"}],"about":[{"href":"https:\/\/www.sincomam.org.br\/index.php\/wp-json\/wp\/v2\/types\/post"}],"author":[{"embeddable":true,"href":"https:\/\/www.sincomam.org.br\/index.php\/wp-json\/wp\/v2\/users\/1182"}],"replies":[{"embeddable":true,"href":"https:\/\/www.sincomam.org.br\/index.php\/wp-json\/wp\/v2\/comments?post=24908"}],"version-history":[{"count":1,"href":"https:\/\/www.sincomam.org.br\/index.php\/wp-json\/wp\/v2\/posts\/24908\/revisions"}],"predecessor-version":[{"id":24909,"href":"https:\/\/www.sincomam.org.br\/index.php\/wp-json\/wp\/v2\/posts\/24908\/revisions\/24909"}],"wp:featuredmedia":[{"embeddable":true,"href":"https:\/\/www.sincomam.org.br\/index.php\/wp-json\/wp\/v2\/media\/18713"}],"wp:attachment":[{"href":"https:\/\/www.sincomam.org.br\/index.php\/wp-json\/wp\/v2\/media?parent=24908"}],"wp:term":[{"taxonomy":"category","embeddable":true,"href":"https:\/\/www.sincomam.org.br\/index.php\/wp-json\/wp\/v2\/categories?post=24908"},{"taxonomy":"post_tag","embeddable":true,"href":"https:\/\/www.sincomam.org.br\/index.php\/wp-json\/wp\/v2\/tags?post=24908"}],"curies":[{"name":"wp","href":"https:\/\/api.w.org\/{rel}","templated":true}]}}