{"id":24894,"date":"2017-10-04T00:01:31","date_gmt":"2017-10-04T03:01:31","guid":{"rendered":"http:\/\/www.sincomam.org.br\/?p=24894"},"modified":"2017-10-01T11:27:21","modified_gmt":"2017-10-01T14:27:21","slug":"relator-de-denuncia-contra-temer-afirma-que-presidente-foi-vitima-de-joesley","status":"publish","type":"post","link":"https:\/\/www.sincomam.org.br\/index.php\/relator-de-denuncia-contra-temer-afirma-que-presidente-foi-vitima-de-joesley\/","title":{"rendered":"Relator de den\u00fancia contra Temer afirma que presidente foi v\u00edtima de Joesley"},"content":{"rendered":"<p>Convicto de que o presidente Michel Temer foi v\u00edtima de uma conspira\u00e7\u00e3o para ser derrubado, o deputado Bonif\u00e1cio de Andrada (PSDB-MG), indicado para relatar a segunda den\u00fancia da Procuradoria-Geral da Rep\u00fablica (PGR) na Comiss\u00e3o de Constitui\u00e7\u00e3o e Justi\u00e7a (CCJ), \u00e9 professor de Direito Constitucional e descendente direto de um dos mais tradicionais cl\u00e3s da pol\u00edtica brasileira, o de Jos\u00e9 Bonif\u00e1cio.\u00a0<\/p>\n<p>Mas, por ter votado pela derrubada da primeira den\u00fancia e ser do grupo do senador afastado A\u00e9cio Neves (PSDB-MG), tem contra si a desconfian\u00e7a da ala n\u00e3o governista de que vai apresentar um parecer recomendando que a C\u00e2mara rejeite, mais uma vez, autoriza\u00e7\u00e3o para que o Supremo Tribunal Federal analise se aceita a den\u00fancia contra o presidente.<\/p>\n<p>H\u00e1 dois meses, ao proclamar seu voto contra o prosseguimento da primeira den\u00fancia, o novo relator justificou o apoio ao parecer vencedor de Paulo Abi-Ackel (PSDB-MG), que indicava a rejei\u00e7\u00e3o: \u201cSim! A favor das institui\u00e7\u00f5es e do progresso do Brasil\u201d. Hoje, continua acreditando na inoc\u00eancia de Temer e sugere que ele processe o empres\u00e1rio Joesley Batista, que grampeou o presidente em um encontro noturno no Jaburu.\u00a0<\/p>\n<p>\u2014 O presidente Temer foi v\u00edtima desse homem da JBS. Esse Joesley conseguiu, atrav\u00e9s de meios n\u00e3o muito s\u00e9rios, entrar no pal\u00e1cio. Vai conversar com o presidente e leva um gravador escondido? Isso \u00e9 um fato da maior gravidade, e ele deve ser processado \u2014 disse Bonif\u00e1cio ao GLOBO.<\/p>\n<p>Aos 87 anos, e no oitavo mandato de deputado federal, n\u00e3o tem s\u00f3 o nome do patriarca da independ\u00eancia Jos\u00e9 Bonif\u00e1cio de Andrada. \u00c9 descendente do tutor do imperador Dom Pedro II e integra a quinta gera\u00e7\u00e3o da fam\u00edlia. Segundo levantamento do Congresso em Foco, nos \u00faltimos 190 anos, o cl\u00e3 dos Andrada produziu 15 deputados e senadores, quatro presidentes da C\u00e2mara, oito ministros de Estado e dois ministros do Supremo Tribunal Federal (STF), al\u00e9m de governadores, prefeitos e vereadores. Ao todo, rendeu mais de 20 pol\u00edticos e ocupantes de altos cargos p\u00fablicos.<\/p>\n<p>O primeiro mandato de Bonif\u00e1cio, filho do diplomata Jos\u00e9 Bonif\u00e1cio de Andrada e Silva, foi o de vereador em Barbacena (MG), em 1954 \u2014 ano em que o ent\u00e3o presidente Get\u00falio Vargas se matou. Al\u00e9m da sucessiva presen\u00e7a na C\u00e2mara dos Deputados, disputou a vice-presid\u00eancia da Rep\u00fablica numa chapa encabe\u00e7ada por Paulo Maluf, em 1989, correligion\u00e1rio nos extintos Arena e PDS.<\/p>\n<p>O filho do deputado, que foi subprocurador-geral da Rep\u00fablica na gest\u00e3o de Rodrigo Janot, Jos\u00e9 Bonif\u00e1cio Borges de Andrada, chegou a ser cotado para o cargo de procurador-geral pelo presidente Temer.<\/p>\n<p>O deputado garante que seu voto ser\u00e1 t\u00e9cnico, depois de analisar a den\u00fancia da PGR. Na primeira, o voto sim, explicou, foi fruto da fragilidade da dela\u00e7\u00e3o de Joesley e da falta de provas que ligassem Temer \u00e0 mala de dinheiro entregue a seu ex-assessor Rodrigo Rocha Loures.<\/p>\n<p>\u2014 Sou professor de Direito Constitucional e votei, na primeira den\u00fancia, levando em conta o aspecto t\u00e9cnico. O que dizia Joesley na dela\u00e7\u00e3o e a entrega da mala para o assessor n\u00e3o serviam de base para vincular o presidente Temer. Sou tradicional e, no caso de d\u00favida, voc\u00ea tem que decidir pr\u00f3-r\u00e9u. Agora vou ver o que tem no processo \u2014 diz.<\/p>\n<p>Apesar da desconfian\u00e7a da oposi\u00e7\u00e3o sobre seu poss\u00edvel parecer pr\u00f3-Temer, Bonif\u00e1cio \u00e9 elogiado tanto entre aliados como entre advers\u00e1rios por seu preparo jur\u00eddico. Decano da C\u00e2mara, Miro Teixeira (Rede-RJ) ressalta a gravidade da segunda den\u00fancia contra Temer, mas diz ser injusti\u00e7a que o deputado seja prejulgado.<\/p>\n<p>\u2014 Ele tem base jur\u00eddica para fazer um parecer absolutamente justo. E para ser um parecer absolutamente justo, tem que autorizar o STF a proceder a investiga\u00e7\u00e3o contra Temer. A den\u00fancia \u00e9 muito contundente. Eu imagino que poderemos divergir em rela\u00e7\u00e3o ao parecer. Mas, desconfiar previamente, como se ele fosse se vender, \u00e9 injusto \u2014 defende Miro.<\/p>\n<p>\u2014 O deputado Bonif\u00e1cio \u00e9 um nome muito respeitado em Minas Gerais, membro de uma das mais tradicionais fam\u00edlias da pol\u00edtica brasileira, que une \u00e0 sua experi\u00eancia parlamentar um conhecimento t\u00e9cnico profundo. Reconhecido professor de Direito, \u00e9 pessoa muito af\u00e1vel, respeitado por todos e que orgulha muito nosso partido por sua atua\u00e7\u00e3o e capacidade \u2014 concorda o senador Ant\u00f4nio Anastasia (PSDB-MG).<\/p>\n<p><strong>Apoiador do regime militar<\/strong><\/p>\n<p>Apoiador confesso do regime militar \u2014 Bonif\u00e1cio integrava a Arena, partido de sustenta\u00e7\u00e3o \u00e1 ditadura \u2014, ele explica por que se ausentou da vota\u00e7\u00e3o da emenda que instituiria elei\u00e7\u00f5es diretas no pa\u00eds em 1984. No col\u00e9gio eleitoral, votou a favor da candidatura derrotada de Paulo Maluf.<\/p>\n<p>\u2014 Era outro momento hist\u00f3rico. Elei\u00e7\u00f5es diretas, naquele momento, tinham outro sentido, era uma fase transit\u00f3ria com muitos conflitos pol\u00edticos. Eu era da Arena, que apoiava os presidentes militares dentro da Constitui\u00e7\u00e3o e sofri muito a oposi\u00e7\u00e3o do que era o in\u00edcio do PT naquele momento. Era uma fase dominada por quest\u00f5es internacionais, da Guerra Fria entre Estados Unidos e Uni\u00e3o Sovi\u00e9tica. A esquerda brasileira se uniu aos sovi\u00e9ticos, e por pouco n\u00e3o teve uma guerra at\u00f4mica \u2014 justificou Bonif\u00e1cio.<\/p>\n<p>Fonte: G1<\/p>\n","protected":false},"excerpt":{"rendered":"<p>Convicto de que o presidente Michel Temer foi v\u00edtima de uma conspira\u00e7\u00e3o para ser derrubado, o deputado Bonif\u00e1cio de Andrada (PSDB-MG), indicado para relatar a&#8230;<\/p>\n","protected":false},"author":1182,"featured_media":9106,"comment_status":"closed","ping_status":"closed","sticky":false,"template":"","format":"standard","meta":{"footnotes":""},"categories":[6],"tags":[],"class_list":["post-24894","post","type-post","status-publish","format-standard","has-post-thumbnail","hentry","category-noticias"],"_links":{"self":[{"href":"https:\/\/www.sincomam.org.br\/index.php\/wp-json\/wp\/v2\/posts\/24894","targetHints":{"allow":["GET"]}}],"collection":[{"href":"https:\/\/www.sincomam.org.br\/index.php\/wp-json\/wp\/v2\/posts"}],"about":[{"href":"https:\/\/www.sincomam.org.br\/index.php\/wp-json\/wp\/v2\/types\/post"}],"author":[{"embeddable":true,"href":"https:\/\/www.sincomam.org.br\/index.php\/wp-json\/wp\/v2\/users\/1182"}],"replies":[{"embeddable":true,"href":"https:\/\/www.sincomam.org.br\/index.php\/wp-json\/wp\/v2\/comments?post=24894"}],"version-history":[{"count":1,"href":"https:\/\/www.sincomam.org.br\/index.php\/wp-json\/wp\/v2\/posts\/24894\/revisions"}],"predecessor-version":[{"id":24895,"href":"https:\/\/www.sincomam.org.br\/index.php\/wp-json\/wp\/v2\/posts\/24894\/revisions\/24895"}],"wp:featuredmedia":[{"embeddable":true,"href":"https:\/\/www.sincomam.org.br\/index.php\/wp-json\/wp\/v2\/media\/9106"}],"wp:attachment":[{"href":"https:\/\/www.sincomam.org.br\/index.php\/wp-json\/wp\/v2\/media?parent=24894"}],"wp:term":[{"taxonomy":"category","embeddable":true,"href":"https:\/\/www.sincomam.org.br\/index.php\/wp-json\/wp\/v2\/categories?post=24894"},{"taxonomy":"post_tag","embeddable":true,"href":"https:\/\/www.sincomam.org.br\/index.php\/wp-json\/wp\/v2\/tags?post=24894"}],"curies":[{"name":"wp","href":"https:\/\/api.w.org\/{rel}","templated":true}]}}