{"id":24890,"date":"2017-10-03T00:11:08","date_gmt":"2017-10-03T03:11:08","guid":{"rendered":"http:\/\/www.sincomam.org.br\/?p=24890"},"modified":"2017-10-01T11:12:57","modified_gmt":"2017-10-01T14:12:57","slug":"brasil-tem-desemprego-de-126-no-tri-ate-agosto-diz-ibge","status":"publish","type":"post","link":"https:\/\/www.sincomam.org.br\/index.php\/brasil-tem-desemprego-de-126-no-tri-ate-agosto-diz-ibge\/","title":{"rendered":"Brasil tem desemprego de 12,6% no tri at\u00e9 agosto, diz IBGE"},"content":{"rendered":"<p>A taxa de desemprego\u00a0do Brasil recuou mais do que o esperado no trimestre at\u00e9 agosto e igualou a melhor marca do ano ao chegar a 12,6 por cento, por\u00e9m em um resultado ainda impulsionado principalmente pelo aumento do emprego informal.<\/p>\n<p>O dado informado\u00a0pelo Instituto Brasileiro de Geografia e Estat\u00edstica (IBGE) marcou a quinta queda seguida na taxa, que voltou ao n\u00edvel visto em janeiro.<\/p>\n<p>Tamb\u00e9m ficou abaixo da expectativa em pesquisa da Reuters de 12,7 por cento, na mediana das previs\u00f5es. Nos tr\u00eas meses at\u00e9 julho, a taxa havia sido de 12,8 por cento.<\/p>\n<p>\u201cA expectativa \u00e9 ver se vamos fechar 2017 com mais emprego. H\u00e1 um processo de recupera\u00e7\u00e3o em curso, isso est\u00e1 claro. Essa rea\u00e7\u00e3o tem a ver com os sinais da economia, com a ameniza\u00e7\u00e3o da crise pol\u00edtica, fatores que afetam a sensibilidade do apetite dos investidores\u201d, avaliou o coordenador do IBGE Cimar Azeredo.<\/p>\n<p>A Pesquisa Nacional por Amostra de Domic\u00edlios (Pnad) Cont\u00ednua mostra que o n\u00famero de desempregados no Brasil chegou agora a 13,113 milh\u00f5es, ante 13,326 milh\u00f5es nos tr\u00eas meses at\u00e9 julho.<\/p>\n<p>A popula\u00e7\u00e3o ocupada, por sua vez, atingiu 91,061 milh\u00f5es de pessoas no per\u00edodo, acima dos 90,677 milh\u00f5es registrados no trimestre at\u00e9 julho.<\/p>\n<p>O resultado, entretanto, teve como pano de fundo um aumento de 5,4 por cento do emprego no setor privado sem carteira assinada em rela\u00e7\u00e3o ao trimestre finalizado em agosto de 2016, enquanto que com carteira houve queda de 2,2 por cento.<\/p>\n<p>\u201cQuase 70 por cento dos empregos gerados agora s\u00e3o nainformalidade. Aconteceu isso em todas as crises\u201d, completou Azeredo.<\/p>\n<p>O IBGE informou ainda que o rendimento m\u00e9dio real do trabalhador atingiu 2.105 reais no trimestre at\u00e9 agosto, sobre 2.111 reais nos tr\u00eas meses at\u00e9 julho, e 2.066 reais no mesmo per\u00edodo do ano anterior.<\/p>\n<p>O Brasil vem engatando um processo de recupera\u00e7\u00e3o econ\u00f4mica em meio a juros e infla\u00e7\u00e3o baixos que ajudam no com\u00e9rcio. Em agosto, o pa\u00eds teve cria\u00e7\u00e3o l\u00edquida de 35.457 vagas formais de emprego em agosto, segundo o Minist\u00e9rio do Trabalho, quinto resultado consecutivo no azul e puxado pelo setor de servi\u00e7os.<\/p>\n<p>Mesmo com a retomada do emprego, a informalidade lidera ante os contratos com carteira, o que indica que a confian\u00e7a dos empregadores na economia ainda enfrenta um longo processo de recupera\u00e7\u00e3o.<\/p>\n","protected":false},"excerpt":{"rendered":"<p>A taxa de desemprego\u00a0do Brasil recuou mais do que o esperado no trimestre at\u00e9 agosto e igualou a melhor marca do ano ao chegar a&#8230;<\/p>\n","protected":false},"author":1182,"featured_media":10201,"comment_status":"closed","ping_status":"closed","sticky":false,"template":"","format":"standard","meta":{"footnotes":""},"categories":[6],"tags":[],"class_list":["post-24890","post","type-post","status-publish","format-standard","has-post-thumbnail","hentry","category-noticias"],"_links":{"self":[{"href":"https:\/\/www.sincomam.org.br\/index.php\/wp-json\/wp\/v2\/posts\/24890","targetHints":{"allow":["GET"]}}],"collection":[{"href":"https:\/\/www.sincomam.org.br\/index.php\/wp-json\/wp\/v2\/posts"}],"about":[{"href":"https:\/\/www.sincomam.org.br\/index.php\/wp-json\/wp\/v2\/types\/post"}],"author":[{"embeddable":true,"href":"https:\/\/www.sincomam.org.br\/index.php\/wp-json\/wp\/v2\/users\/1182"}],"replies":[{"embeddable":true,"href":"https:\/\/www.sincomam.org.br\/index.php\/wp-json\/wp\/v2\/comments?post=24890"}],"version-history":[{"count":1,"href":"https:\/\/www.sincomam.org.br\/index.php\/wp-json\/wp\/v2\/posts\/24890\/revisions"}],"predecessor-version":[{"id":24891,"href":"https:\/\/www.sincomam.org.br\/index.php\/wp-json\/wp\/v2\/posts\/24890\/revisions\/24891"}],"wp:featuredmedia":[{"embeddable":true,"href":"https:\/\/www.sincomam.org.br\/index.php\/wp-json\/wp\/v2\/media\/10201"}],"wp:attachment":[{"href":"https:\/\/www.sincomam.org.br\/index.php\/wp-json\/wp\/v2\/media?parent=24890"}],"wp:term":[{"taxonomy":"category","embeddable":true,"href":"https:\/\/www.sincomam.org.br\/index.php\/wp-json\/wp\/v2\/categories?post=24890"},{"taxonomy":"post_tag","embeddable":true,"href":"https:\/\/www.sincomam.org.br\/index.php\/wp-json\/wp\/v2\/tags?post=24890"}],"curies":[{"name":"wp","href":"https:\/\/api.w.org\/{rel}","templated":true}]}}