{"id":24888,"date":"2017-10-03T00:10:08","date_gmt":"2017-10-03T03:10:08","guid":{"rendered":"http:\/\/www.sincomam.org.br\/?p=24888"},"modified":"2017-10-01T11:11:00","modified_gmt":"2017-10-01T14:11:00","slug":"sergio-moro-cogita-deixar-a-lava-jato-diz-revista","status":"publish","type":"post","link":"https:\/\/www.sincomam.org.br\/index.php\/sergio-moro-cogita-deixar-a-lava-jato-diz-revista\/","title":{"rendered":"Sergio Moro cogita deixar a Lava Jato, diz revista"},"content":{"rendered":"<p>O juiz Sergio Moro, da 13\u00aa Vara Federal de Curitiba, teria confidenciado a um amigo que gostaria de deixar \u00a0o comando das a\u00e7\u00f5es ligadas \u00e0 Opera\u00e7\u00e3o Lava Jato na primeira inst\u00e2ncia. As informa\u00e7\u00f5es s\u00e3o do jornalista Gabriel Mascarenhas, da coluna Radar de VEJA.<\/p>\n<p>De acordo com a coluna, o limite para o magistrado seria o fim de todos os processos que contra o ex-presidente Luiz In\u00e1cio Lula da Silva que est\u00e3o na Vara Federal de Curitiba, sob an\u00e1lise de Moro.<\/p>\n<p>Moro determinou a primeira condena\u00e7\u00e3o do petista em julho do ano passado, mas ainda avalia outras tr\u00eas a\u00e7\u00f5es contra Lula, que ainda \u00e9 r\u00e9u em a\u00e7\u00f5es na Opera\u00e7\u00e3o Zelotes e na Opera\u00e7\u00e3o Janus.<\/p>\n<p>Sob a batuta de Moro na maior parte dos casos, a Lava Jato completou, at\u00e9 o fim de agosto, 165 condena\u00e7\u00f5es contra 107 pessoas que, juntas, somam quase 1.635 anos de pris\u00e3o.<\/p>\n","protected":false},"excerpt":{"rendered":"<p>O juiz Sergio Moro, da 13\u00aa Vara Federal de Curitiba, teria confidenciado a um amigo que gostaria de deixar \u00a0o comando das a\u00e7\u00f5es ligadas \u00e0&#8230;<\/p>\n","protected":false},"author":1182,"featured_media":18841,"comment_status":"closed","ping_status":"closed","sticky":false,"template":"","format":"standard","meta":{"footnotes":""},"categories":[6],"tags":[],"class_list":["post-24888","post","type-post","status-publish","format-standard","has-post-thumbnail","hentry","category-noticias"],"_links":{"self":[{"href":"https:\/\/www.sincomam.org.br\/index.php\/wp-json\/wp\/v2\/posts\/24888","targetHints":{"allow":["GET"]}}],"collection":[{"href":"https:\/\/www.sincomam.org.br\/index.php\/wp-json\/wp\/v2\/posts"}],"about":[{"href":"https:\/\/www.sincomam.org.br\/index.php\/wp-json\/wp\/v2\/types\/post"}],"author":[{"embeddable":true,"href":"https:\/\/www.sincomam.org.br\/index.php\/wp-json\/wp\/v2\/users\/1182"}],"replies":[{"embeddable":true,"href":"https:\/\/www.sincomam.org.br\/index.php\/wp-json\/wp\/v2\/comments?post=24888"}],"version-history":[{"count":1,"href":"https:\/\/www.sincomam.org.br\/index.php\/wp-json\/wp\/v2\/posts\/24888\/revisions"}],"predecessor-version":[{"id":24889,"href":"https:\/\/www.sincomam.org.br\/index.php\/wp-json\/wp\/v2\/posts\/24888\/revisions\/24889"}],"wp:featuredmedia":[{"embeddable":true,"href":"https:\/\/www.sincomam.org.br\/index.php\/wp-json\/wp\/v2\/media\/18841"}],"wp:attachment":[{"href":"https:\/\/www.sincomam.org.br\/index.php\/wp-json\/wp\/v2\/media?parent=24888"}],"wp:term":[{"taxonomy":"category","embeddable":true,"href":"https:\/\/www.sincomam.org.br\/index.php\/wp-json\/wp\/v2\/categories?post=24888"},{"taxonomy":"post_tag","embeddable":true,"href":"https:\/\/www.sincomam.org.br\/index.php\/wp-json\/wp\/v2\/tags?post=24888"}],"curies":[{"name":"wp","href":"https:\/\/api.w.org\/{rel}","templated":true}]}}