{"id":24883,"date":"2017-10-04T00:56:44","date_gmt":"2017-10-04T03:56:44","guid":{"rendered":"http:\/\/www.sincomam.org.br\/?p=24883"},"modified":"2017-10-01T10:58:03","modified_gmt":"2017-10-01T13:58:03","slug":"cortes-na-ciencia-ameacam-brasil-dizem-vencedores-do-nobel","status":"publish","type":"post","link":"https:\/\/www.sincomam.org.br\/index.php\/cortes-na-ciencia-ameacam-brasil-dizem-vencedores-do-nobel\/","title":{"rendered":"Cortes na Ci\u00eancia amea\u00e7am Brasil, dizem vencedores do Nobel"},"content":{"rendered":"<p>Os cortes or\u00e7ament\u00e1rios\u00a0em Ci\u00eancia e Tecnologia \u201ccomprometem seriamente o futuro do Brasil\u201d e precisam ser revistos \u201cantes que seja tarde demais\u201d, segundo um grupo de 23 ganhadores do Pr\u00eamio Nobel, que enviou ontem uma carta ao presidente Michel Temer, recomendando mudan\u00e7as na postura do governo com rela\u00e7\u00e3o ao setor.<\/p>\n<p>O documento, enviado por e-mail ao gabinete da Presid\u00eancia, faz refer\u00eancia ao corte de 44% no Or\u00e7amento deste ano do Minist\u00e9rio da Ci\u00eancia, Tecnologia, Inova\u00e7\u00f5es e Comunica\u00e7\u00f5es (MCTIC), assim como \u00e0 perspectiva de um novo corte em 2018 \u2013 que dever\u00e1 ser da ordem de 15%, caso o Projeto de Lei Or\u00e7ament\u00e1ria Anual enviado pelo governo ao Congresso seja aprovado como est\u00e1.<\/p>\n<p>\u201cIsso danificar\u00e1 o Brasil por muitos anos, com o desmantelamento de grupos de pesquisa internacionalmente reconhecidos e uma fuga de c\u00e9rebros que afetar\u00e1 os melhores jovens cientistas\u201d do Pa\u00eds, escrevem os pesquisadores.<\/p>\n<p>A carta\u00a0\u00e9 assinada pelo f\u00edsico franc\u00eas Claude Cohen-Tannoudji (Nobel de 1977) e outros 22 laureados com o pr\u00eamio nas \u00e1reas de F\u00edsica, Qu\u00edmica e Medicina nas \u00faltimas tr\u00eas d\u00e9cadas. \u201cSabemos que a situa\u00e7\u00e3o econ\u00f4mica do Brasil \u00e9 muito dif\u00edcil, mas urgimos o senhor a reconsiderar sua decis\u00e3o antes que seja tarde demais\u201d, conclui a carta.<\/p>\n<p><strong>Repercuss\u00e3o<\/strong><\/p>\n<p>\u201c\u00c9 uma iniciativa que mostra a import\u00e2ncia da ci\u00eancia brasileira e a gravidade da situa\u00e7\u00e3o\u201d, disse o presidente da Academia Brasileira de Ci\u00eancias, Luiz Davidovich, que tamb\u00e9m recebeu uma c\u00f3pia da carta. A Presid\u00eancia da Rep\u00fablica foi procurada pela reportagem, mas n\u00e3o respondeu at\u00e9 as 21 horas de sexta-feira.<\/p>\n<p>\u201cA situa\u00e7\u00e3o \u00e9 tr\u00e1gica, n\u00e3o h\u00e1 outra palavra para descrev\u00ea-la\u201d, disse o pesquisador David Gross, da Universidade da Calif\u00f3rnia em Santa B\u00e1rbara, vencedor do Nobel de F\u00edsica em 2004 e tamb\u00e9m signat\u00e1rio da carta. Ele prev\u00ea que muitos jovens pesquisadores brasileiros v\u00e3o desistir da carreira cient\u00edfica ou migrar para outros pa\u00edses, mais favor\u00e1veis \u00e0 ci\u00eancia.<\/p>\n<p>\u201cEles v\u00e3o embora e n\u00e3o voltar\u00e3o\u201d, alertou. \u201c\u00c9 uma pol\u00edtica est\u00fapida, autodestrutiva\u201d, completou Gross, referindo-se aos cortes horizontais aplicados pelo governo em todas as \u00e1reas, sem defini\u00e7\u00e3o de prioridades.<\/p>\n<p>A ci\u00eancia, de acordo com ele, \u00e9 uma \u00e1rea que precisa de investimentos consistentes e de longo prazo para produzir resultados que s\u00e3o essenciais para qualquer sociedade moderna. \u201cN\u00e3o \u00e9 algo que voc\u00ea liga e desliga sem ter consequ\u00eancias graves.\u201d<\/p>\n<p>A carta dos laureados reproduz argumentos que vem sendo usados exaustivamente pela comunidade cient\u00edfica brasileira nos \u00faltimos anos. Em uma carta enviada \u00e0 Presid\u00eancia da Rep\u00fablica no in\u00edcio da semana, mais de 250 pesquisadores da \u00e1rea de Matem\u00e1tica pedem tamb\u00e9m a Temer que reconsidere os cortes or\u00e7ament\u00e1rios do setor.<\/p>\n<p>\u201c\u00c0 fria luz dos fatos e al\u00e9m de qualquer partidarismo, repudiamos os repetidos e substanciais cortes de verba que sabotam o potencial transformador da ci\u00eancia brasileira\u201d, diz o documento. Entre os signat\u00e1rios est\u00e1 o matem\u00e1tico Artur Avila, ganhador da Medalha Fields, considerada o Pr\u00eamio Nobel da Matem\u00e1tica.<\/p>\n<p><strong>Cortes<\/strong><\/p>\n<p>O or\u00e7amento deste ano do MCTIC \u00e9 o menor de todos os tempos, com cerca de R$ 3,2 bilh\u00f5es dispon\u00edveis (depois do contingenciamento de 44% no in\u00edcio do ano) para o financiamento de pesquisas e pagamentos de bolsas em todo o Pa\u00eds. Isso equivale a um ter\u00e7o do que o minist\u00e9rio tinha quatro anos atr\u00e1s (antes de ser unificado com a pasta de Comunica\u00e7\u00f5es), e a proposta inicial do governo para 2018 \u00e9 reduzir esse valor ainda mais, para R$ 2,7 bilh\u00f5es.<\/p>\n","protected":false},"excerpt":{"rendered":"<p>Os cortes or\u00e7ament\u00e1rios\u00a0em Ci\u00eancia e Tecnologia \u201ccomprometem seriamente o futuro do Brasil\u201d e precisam ser revistos \u201cantes que seja tarde demais\u201d, segundo um grupo de&#8230;<\/p>\n","protected":false},"author":1182,"featured_media":19480,"comment_status":"closed","ping_status":"closed","sticky":false,"template":"","format":"standard","meta":{"footnotes":""},"categories":[6],"tags":[],"class_list":["post-24883","post","type-post","status-publish","format-standard","has-post-thumbnail","hentry","category-noticias"],"_links":{"self":[{"href":"https:\/\/www.sincomam.org.br\/index.php\/wp-json\/wp\/v2\/posts\/24883","targetHints":{"allow":["GET"]}}],"collection":[{"href":"https:\/\/www.sincomam.org.br\/index.php\/wp-json\/wp\/v2\/posts"}],"about":[{"href":"https:\/\/www.sincomam.org.br\/index.php\/wp-json\/wp\/v2\/types\/post"}],"author":[{"embeddable":true,"href":"https:\/\/www.sincomam.org.br\/index.php\/wp-json\/wp\/v2\/users\/1182"}],"replies":[{"embeddable":true,"href":"https:\/\/www.sincomam.org.br\/index.php\/wp-json\/wp\/v2\/comments?post=24883"}],"version-history":[{"count":1,"href":"https:\/\/www.sincomam.org.br\/index.php\/wp-json\/wp\/v2\/posts\/24883\/revisions"}],"predecessor-version":[{"id":24884,"href":"https:\/\/www.sincomam.org.br\/index.php\/wp-json\/wp\/v2\/posts\/24883\/revisions\/24884"}],"wp:featuredmedia":[{"embeddable":true,"href":"https:\/\/www.sincomam.org.br\/index.php\/wp-json\/wp\/v2\/media\/19480"}],"wp:attachment":[{"href":"https:\/\/www.sincomam.org.br\/index.php\/wp-json\/wp\/v2\/media?parent=24883"}],"wp:term":[{"taxonomy":"category","embeddable":true,"href":"https:\/\/www.sincomam.org.br\/index.php\/wp-json\/wp\/v2\/categories?post=24883"},{"taxonomy":"post_tag","embeddable":true,"href":"https:\/\/www.sincomam.org.br\/index.php\/wp-json\/wp\/v2\/tags?post=24883"}],"curies":[{"name":"wp","href":"https:\/\/api.w.org\/{rel}","templated":true}]}}