{"id":24877,"date":"2017-10-03T00:00:00","date_gmt":"2017-10-03T03:00:00","guid":{"rendered":"http:\/\/www.sincomam.org.br\/?p=24877"},"modified":"2017-10-01T10:54:45","modified_gmt":"2017-10-01T13:54:45","slug":"apos-polemica-museus-e-artistas-apoiam-mam-nas-redes-sociais","status":"publish","type":"post","link":"https:\/\/www.sincomam.org.br\/index.php\/apos-polemica-museus-e-artistas-apoiam-mam-nas-redes-sociais\/","title":{"rendered":"Ap\u00f3s pol\u00eamica, museus e artistas apoiam MAM nas redes sociais"},"content":{"rendered":"<p>Museus e artistas brasileiros se manifestaram em favor do MAM (Museu de Arte Moderna) de S\u00e3o Paulo nesta semana, ap\u00f3s pol\u00eamica envolvendo uma performance na institui\u00e7\u00e3o.<\/p>\n<p>Com a hashtag #somostodosmam, institui\u00e7\u00f5es como o MASP (Museu de Arte de S\u00e3o Paulo) e o MAR (Museu de Arte do Rio), publicaram notas de apoio. \u201cO MASP preza a liberdade de express\u00e3o art\u00edstica e rejeita qualquer tipo de censura\u201d, publicou o museu paulistano no Twitter.<\/p>\n<p>A artista pl\u00e1stica Adriana Varej\u00e3o aderiu \u00e0 campanha em defesa do museu pelo Instagram, assim como a atriz Maria Ribeiro, que escreveu: \u201cTantas quest\u00f5es ser\u00edssimas envolvendo a infancia no Brasil, tanta crian\u00e7a explorada sexualmente, sem escola, abusada por pais e negligenciadas pelo Estado, e uma performance onde o corpo nao tem um apelo erotico, e, sim, de arte, vira essa polemica enorme\u201d.<\/p>\n<p>A pol\u00eamica em torno do MAM ocorreu por conta da performance do artista fluminense Wagner Schwartz, que participava da mostra 35\u00ba Panorama da Arte Brasileira, na \u00faltima ter\u00e7a-feira.<\/p>\n<p>A performance foi acusada nas redes sociais de \u201cerotiza\u00e7\u00e3o infantil\u201d depois que um v\u00eddeo que mostra uma crian\u00e7a tocando as m\u00e3os e p\u00e9s do artista, enquanto ele se apresentava nu, viralizou nas redes sociais. O caso est\u00e1 sendo investigado pelo Minist\u00e9rio P\u00fablico.<\/p>\n<p>Fonte: Exame<\/p>\n","protected":false},"excerpt":{"rendered":"<p>Museus e artistas brasileiros se manifestaram em favor do MAM (Museu de Arte Moderna) de S\u00e3o Paulo nesta semana, ap\u00f3s pol\u00eamica envolvendo uma performance na&#8230;<\/p>\n","protected":false},"author":1182,"featured_media":24878,"comment_status":"closed","ping_status":"closed","sticky":false,"template":"","format":"standard","meta":{"footnotes":""},"categories":[6],"tags":[],"class_list":["post-24877","post","type-post","status-publish","format-standard","has-post-thumbnail","hentry","category-noticias"],"_links":{"self":[{"href":"https:\/\/www.sincomam.org.br\/index.php\/wp-json\/wp\/v2\/posts\/24877","targetHints":{"allow":["GET"]}}],"collection":[{"href":"https:\/\/www.sincomam.org.br\/index.php\/wp-json\/wp\/v2\/posts"}],"about":[{"href":"https:\/\/www.sincomam.org.br\/index.php\/wp-json\/wp\/v2\/types\/post"}],"author":[{"embeddable":true,"href":"https:\/\/www.sincomam.org.br\/index.php\/wp-json\/wp\/v2\/users\/1182"}],"replies":[{"embeddable":true,"href":"https:\/\/www.sincomam.org.br\/index.php\/wp-json\/wp\/v2\/comments?post=24877"}],"version-history":[{"count":1,"href":"https:\/\/www.sincomam.org.br\/index.php\/wp-json\/wp\/v2\/posts\/24877\/revisions"}],"predecessor-version":[{"id":24879,"href":"https:\/\/www.sincomam.org.br\/index.php\/wp-json\/wp\/v2\/posts\/24877\/revisions\/24879"}],"wp:featuredmedia":[{"embeddable":true,"href":"https:\/\/www.sincomam.org.br\/index.php\/wp-json\/wp\/v2\/media\/24878"}],"wp:attachment":[{"href":"https:\/\/www.sincomam.org.br\/index.php\/wp-json\/wp\/v2\/media?parent=24877"}],"wp:term":[{"taxonomy":"category","embeddable":true,"href":"https:\/\/www.sincomam.org.br\/index.php\/wp-json\/wp\/v2\/categories?post=24877"},{"taxonomy":"post_tag","embeddable":true,"href":"https:\/\/www.sincomam.org.br\/index.php\/wp-json\/wp\/v2\/tags?post=24877"}],"curies":[{"name":"wp","href":"https:\/\/api.w.org\/{rel}","templated":true}]}}