{"id":24875,"date":"2017-10-03T00:50:18","date_gmt":"2017-10-03T03:50:18","guid":{"rendered":"http:\/\/www.sincomam.org.br\/?p=24875"},"modified":"2017-10-01T10:51:49","modified_gmt":"2017-10-01T13:51:49","slug":"janot-queria-me-usar-para-derrubar-temer-diz-cunha-em-entrevista","status":"publish","type":"post","link":"https:\/\/www.sincomam.org.br\/index.php\/janot-queria-me-usar-para-derrubar-temer-diz-cunha-em-entrevista\/","title":{"rendered":"Janot queria me usar para derrubar Temer, diz Cunha em entrevista"},"content":{"rendered":"<p>O ex-deputado federal Eduardo Cunha\u00a0(PMDB), preso h\u00e1 quase um ano na Opera\u00e7\u00e3o Lava Jato, disse que seu acordo de dela\u00e7\u00e3o premiada\u00a0n\u00e3o deu certo porque o ent\u00e3o procurador-geral da Rep\u00fablica Rodrigo Janot\u00a0queria \u201cus\u00e1-lo\u201d.<\/p>\n<p>\u201cO Janot n\u00e3o queria a verdade; s\u00f3 queria me usar para derrubar o Michel Temer\u201d, afirmou em entrevista publicada\u00a0pela revista \u00c9poca\u00a0desta semana.<\/p>\n<p>O ex-deputado disse que est\u00e1 pronto para tentar um acordo com a nova procuradora-geral Raquel Dodge. Na entrevista, Cunha n\u00e3o economizou cr\u00edticas ao ex-procurador.<\/p>\n<p>Segundo ele, Janot tem \u201c\u00f3dio\u201d do presidente Michel Temer e \u201coperou politicamente\u201do processo de dela\u00e7\u00f5es, com o intuito de derrubar Temer e conseguir um terceiro mandato como procurador-geral.<\/p>\n<p>Cunha tamb\u00e9m falou sobre a controversa dela\u00e7\u00e3o de Joesley Batista, dono da JBS. Segundo o ex-deputado, o empres\u00e1rio \u201cpoupou muito o PT\u201d. \u201cEscondeu que nos reunimos, eu e Joesley, quatro horas com o Lula, na v\u00e9spera do impeachment. O Lula estava tentando me convencer a parar o impeachment. Isso \u00e9 s\u00f3 um pequeno exemplo. Eu traria muitos fatos que tornariam invi\u00e1vel a dela\u00e7\u00e3o da JBS. Tenho conhecimento de omiss\u00f5es graves\u201d, afirmou.<\/p>\n<p>Outro que recebeu farpas do pol\u00edtico foi o juiz S\u00e9rgio Moro, que, na sua opini\u00e3o, \u201cse acha um salvador da p\u00e1tria\u201d. \u00a0\u201cQueria destruir o establishment, a elite pol\u00edtica. E conseguiu.\u201d<\/p>\n<p>O ex-deputado tamb\u00e9m se mostrou confiante na possibilidade de conseguir um habeas corpus no STF (Supremo Tribunal Federal) e classificou sua pris\u00e3o como \u201cabsurda\u201d.<\/p>\n<p>Fonte: Revista \u00c9poca<\/p>\n","protected":false},"excerpt":{"rendered":"<p>O ex-deputado federal Eduardo Cunha\u00a0(PMDB), preso h\u00e1 quase um ano na Opera\u00e7\u00e3o Lava Jato, disse que seu acordo de dela\u00e7\u00e3o premiada\u00a0n\u00e3o deu certo porque o&#8230;<\/p>\n","protected":false},"author":1182,"featured_media":18655,"comment_status":"closed","ping_status":"closed","sticky":false,"template":"","format":"standard","meta":{"footnotes":""},"categories":[6],"tags":[],"class_list":["post-24875","post","type-post","status-publish","format-standard","has-post-thumbnail","hentry","category-noticias"],"_links":{"self":[{"href":"https:\/\/www.sincomam.org.br\/index.php\/wp-json\/wp\/v2\/posts\/24875","targetHints":{"allow":["GET"]}}],"collection":[{"href":"https:\/\/www.sincomam.org.br\/index.php\/wp-json\/wp\/v2\/posts"}],"about":[{"href":"https:\/\/www.sincomam.org.br\/index.php\/wp-json\/wp\/v2\/types\/post"}],"author":[{"embeddable":true,"href":"https:\/\/www.sincomam.org.br\/index.php\/wp-json\/wp\/v2\/users\/1182"}],"replies":[{"embeddable":true,"href":"https:\/\/www.sincomam.org.br\/index.php\/wp-json\/wp\/v2\/comments?post=24875"}],"version-history":[{"count":1,"href":"https:\/\/www.sincomam.org.br\/index.php\/wp-json\/wp\/v2\/posts\/24875\/revisions"}],"predecessor-version":[{"id":24876,"href":"https:\/\/www.sincomam.org.br\/index.php\/wp-json\/wp\/v2\/posts\/24875\/revisions\/24876"}],"wp:featuredmedia":[{"embeddable":true,"href":"https:\/\/www.sincomam.org.br\/index.php\/wp-json\/wp\/v2\/media\/18655"}],"wp:attachment":[{"href":"https:\/\/www.sincomam.org.br\/index.php\/wp-json\/wp\/v2\/media?parent=24875"}],"wp:term":[{"taxonomy":"category","embeddable":true,"href":"https:\/\/www.sincomam.org.br\/index.php\/wp-json\/wp\/v2\/categories?post=24875"},{"taxonomy":"post_tag","embeddable":true,"href":"https:\/\/www.sincomam.org.br\/index.php\/wp-json\/wp\/v2\/tags?post=24875"}],"curies":[{"name":"wp","href":"https:\/\/api.w.org\/{rel}","templated":true}]}}