{"id":24865,"date":"2017-10-02T02:00:30","date_gmt":"2017-10-02T05:00:30","guid":{"rendered":"http:\/\/www.sincomam.org.br\/?p=24865"},"modified":"2017-10-01T10:41:43","modified_gmt":"2017-10-01T13:41:43","slug":"movimento-de-empresarios-ainda-procura-lideranca","status":"publish","type":"post","link":"https:\/\/www.sincomam.org.br\/index.php\/movimento-de-empresarios-ainda-procura-lideranca\/","title":{"rendered":"Movimento de empres\u00e1rios ainda procura lideran\u00e7a"},"content":{"rendered":"<p>A um ano das elei\u00e7\u00f5es, o mundo empresarial est\u00e1 se movimentando para estruturar uma rede capaz de influenciar o resultado das pr\u00f3ximas elei\u00e7\u00f5es \u2013 da disputa por cadeiras no Congresso Nacional \u00e0 corrida presidencial. A articula\u00e7\u00e3o do setor produtivo rumo \u00e0 linha de frente da pol\u00edtica come\u00e7a a ser desenhada em reuni\u00f5es de pequeno porte, realizadas fora de institui\u00e7\u00f5es tradicionais de representa\u00e7\u00e3o de categorias \u2013 como a Federa\u00e7\u00e3o das Ind\u00fastrias de S\u00e3o Paulo (Fiesp) \u2013 e que envolvem l\u00edderes de algumas das maiores companhias do Pa\u00eds.<\/p>\n<p>O movimento mais oficial \u00e9 o Renova Brasil, capitaneado por Eduardo Mufarej, do fundo Tarpon, que \u00e9 s\u00f3cio de neg\u00f3cios como BRF (dona de Sadia e Perdig\u00e3o) e Somos Educa\u00e7\u00e3o. O Renova tem esse nome porque se dedica \u00e0 mudan\u00e7a do perfil do Congresso. O grupo tem pedido apoio financeiro a nomes do porte de Jorge Paulo Lemann (do fundo 3G), Abilio Diniz (ex-P\u00e3o de A\u00e7\u00facar, hoje s\u00f3cio da BRF e do Carrefour), Arm\u00ednio Fraga (ex-presidente do BC e s\u00f3cio da G\u00e1vea Investimentos) e o publicit\u00e1rio Nizan Guanaes. A iniciativa foi destacada na \u00faltima semana pela coluna Direto da Fonte, de Sonia Racy.<\/p>\n<p><b>Linha de frente<\/b><\/p>\n<p>Mas a lista de empres\u00e1rios se movimentando para influenciar o cen\u00e1rio de 2018 \u00e9 bem mais extensa. Seja em pequenas reuni\u00f5es \u2013 como jantares e encontros privados \u2013 ou em grupos de WhatsApp, as lideran\u00e7as ainda tateiam como proceder, mas creem que n\u00e3o podem mais se abster. \u201cO empres\u00e1rio moita ficou fora de moda\u201d, diz Fl\u00e1vio Rocha, presidente da Riachuelo, um dos principais rostos da renova\u00e7\u00e3o do elo entre empresas e pol\u00edtica.<\/p>\n<p>\u00c0 frente h\u00e1 mais de 20 anos de outra grande varejista, a Renner, o executivo Jos\u00e9 Gall\u00f3 faz um mea culpa, compartilhado por outros empres\u00e1rios ouvidos pelo \u2018Estado\u2019: a situa\u00e7\u00e3o da economia piorou porque boa parte dos l\u00edderes do setor produtivo se absteve de tentar influenciar o que ocorre em Bras\u00edlia. \u201cO fato \u00e9 o seguinte: todos permitimos que isso (a crise) acontecesse\u201d, afirma Gall\u00f3. \u201cEnt\u00e3o hoje h\u00e1 grupos que est\u00e3o preocupados com a gest\u00e3o do Pa\u00eds, independentemente de partidos. Os grupos est\u00e3o se formando, e isso \u00e9 muito bom.\u201d<\/p>\n<p>A articula\u00e7\u00e3o se d\u00e1 tamb\u00e9m no campo virtual: um grupo de WhatsApp chamado \u201cJo\u00e3o Doria Acelera\u201d re\u00fane 140 pessoas, incluindo Rocha e Artur Grynbaum, do Grupo Botic\u00e1rio.<\/p>\n<p>Lideran\u00e7as empresariais disseram ao \u2018Estado\u2019 que, entre os que t\u00eam se articulado para debater as elei\u00e7\u00f5es de 2018, est\u00e3o ainda nomes como Jayme Garfinkel (Porto Seguro), Carlos Jereissati Filho (Iguatemi), Jorge Gerdau Johannpeter (Gerdau), Walter Schalka (Suzano), Rubens Ometto (Cosan) e Pedro Passos (Natura). Procurados, eles n\u00e3o comentaram ou n\u00e3o responderam os contatos.<\/p>\n<p>Segundo um empres\u00e1rio que j\u00e1 participou de alguns debates, as conversas est\u00e3o longe de um consenso. \u201cA gente fala, fala, fala. E tem hora que desanima porque n\u00e3o sabe o que fazer. Mas estamos buscando uma solu\u00e7\u00e3o\u201d, disse. \u201cAp\u00f3s o PIB cair 8% em dois anos, est\u00e1 claro que n\u00e3o d\u00e1 para deixar o barco correr.\u201d<\/p>\n<p>Outro desafio \u00e9 o fato de ainda n\u00e3o ter surgido uma lideran\u00e7a que organize esse movimento. \u201cH\u00e1 um componente de medo que impulsiona as conversas. A economia est\u00e1 fr\u00e1gil. O empres\u00e1rio quer ter certeza que o pr\u00f3ximo presidente vai dar conta do recado\u201d, diz um grande investidor.<\/p>\n<p><b>Candidatos<\/b><\/p>\n<p>Uma das quest\u00f5es debatidas \u00e9 sobre como a influ\u00eancia dos empres\u00e1rios poderia se materializar. A hip\u00f3tese mais prov\u00e1vel \u00e9 o apoio a um candidato estabelecido e com chances claras de vit\u00f3ria \u2013 os dois preferidos s\u00e3o Jo\u00e3o Doria e Geraldo Alckmin, do PSDB. No \u201ctime\u201d Doria, por exemplo, est\u00e1 Rocha, enquanto Rubens Ometto, segundo fontes, \u00e9 entusiasta de Alckmin.<\/p>\n<p>O ministro da Fazenda, Henrique Meirelles, corre por fora. H\u00e1 a avalia\u00e7\u00e3o que, por ora, sua contribui\u00e7\u00e3o na equipe econ\u00f4mica \u00e9 mais valiosa. \u201cPrefiro o Henrique focado na transi\u00e7\u00e3o do que disperso tentando uma candidatura\u201d, diz um empres\u00e1rio. J\u00e1 Marina Silva, que nas elei\u00e7\u00f5es de 2014 recebeu apoio expl\u00edcito de Neca Setubal, da fam\u00edlia propriet\u00e1ria do Ita\u00fa, e j\u00e1 teve em 2010 como vice Guilherme Leal, da Natura, n\u00e3o foi mencionada pelos empres\u00e1rios ouvidos. Ao \u2018Estado\u2019, Neca disse que \u201cn\u00e3o ter\u00e1 nenhuma participa\u00e7\u00e3o na campanha\u201d da poss\u00edvel candidata; Leal n\u00e3o respondeu.<\/p>\n<p>H\u00e1 quem defenda que o setor produtivo deva ter um candidato criado dentro de casa. O Partido Novo, de agenda liberal, vem atraindo nomes para seus quadros, como o economista Gustavo Franco. Deve lan\u00e7ar o ex-banqueiro Jo\u00e3o Amo\u00eado \u00e0 Presid\u00eancia. A principal meta \u00e9 ter for\u00e7a no Congresso. \u201cQueremos eleger 30 deputados\u201d, diz Mois\u00e9s Jardim, presidente do Novo.<\/p>\n<p>Dentro do meio empresarial, h\u00e1 esperan\u00e7a de que nomes mais conhecidos se interessem pelas elei\u00e7\u00f5es. Entre os nomes ventilados est\u00e3o o de Rocha, da Riachuelo, que nega a inten\u00e7\u00e3o de se candidatar. J\u00e1 Salim Mattar, da Localiza, n\u00e3o esconde suas pretens\u00f5es pol\u00edticas, mas diz que n\u00e3o se preparou para deixar seus neg\u00f3cios a tempo da pr\u00f3xima elei\u00e7\u00e3o.<\/p>\n<p>Outro nome citado \u00e9 o de Fabio Barbosa, ex-presidente do Real e do Santander, que sempre negou a inten\u00e7\u00e3o de concorrer. Procurado, n\u00e3o quis dar entrevista.\u00a0<\/p>\n<p>Fonte: Exame<\/p>\n","protected":false},"excerpt":{"rendered":"<p>A um ano das elei\u00e7\u00f5es, o mundo empresarial est\u00e1 se movimentando para estruturar uma rede capaz de influenciar o resultado das pr\u00f3ximas elei\u00e7\u00f5es \u2013 da&#8230;<\/p>\n","protected":false},"author":1182,"featured_media":19394,"comment_status":"closed","ping_status":"closed","sticky":false,"template":"","format":"standard","meta":{"footnotes":""},"categories":[6],"tags":[],"class_list":["post-24865","post","type-post","status-publish","format-standard","has-post-thumbnail","hentry","category-noticias"],"_links":{"self":[{"href":"https:\/\/www.sincomam.org.br\/index.php\/wp-json\/wp\/v2\/posts\/24865","targetHints":{"allow":["GET"]}}],"collection":[{"href":"https:\/\/www.sincomam.org.br\/index.php\/wp-json\/wp\/v2\/posts"}],"about":[{"href":"https:\/\/www.sincomam.org.br\/index.php\/wp-json\/wp\/v2\/types\/post"}],"author":[{"embeddable":true,"href":"https:\/\/www.sincomam.org.br\/index.php\/wp-json\/wp\/v2\/users\/1182"}],"replies":[{"embeddable":true,"href":"https:\/\/www.sincomam.org.br\/index.php\/wp-json\/wp\/v2\/comments?post=24865"}],"version-history":[{"count":1,"href":"https:\/\/www.sincomam.org.br\/index.php\/wp-json\/wp\/v2\/posts\/24865\/revisions"}],"predecessor-version":[{"id":24866,"href":"https:\/\/www.sincomam.org.br\/index.php\/wp-json\/wp\/v2\/posts\/24865\/revisions\/24866"}],"wp:featuredmedia":[{"embeddable":true,"href":"https:\/\/www.sincomam.org.br\/index.php\/wp-json\/wp\/v2\/media\/19394"}],"wp:attachment":[{"href":"https:\/\/www.sincomam.org.br\/index.php\/wp-json\/wp\/v2\/media?parent=24865"}],"wp:term":[{"taxonomy":"category","embeddable":true,"href":"https:\/\/www.sincomam.org.br\/index.php\/wp-json\/wp\/v2\/categories?post=24865"},{"taxonomy":"post_tag","embeddable":true,"href":"https:\/\/www.sincomam.org.br\/index.php\/wp-json\/wp\/v2\/tags?post=24865"}],"curies":[{"name":"wp","href":"https:\/\/api.w.org\/{rel}","templated":true}]}}