{"id":24859,"date":"2017-10-02T00:23:05","date_gmt":"2017-10-02T03:23:05","guid":{"rendered":"http:\/\/www.sincomam.org.br\/?p=24859"},"modified":"2017-10-01T10:34:56","modified_gmt":"2017-10-01T13:34:56","slug":"fundador-da-localiza-fala-em-nova-consciencia-sobre-politica","status":"publish","type":"post","link":"https:\/\/www.sincomam.org.br\/index.php\/fundador-da-localiza-fala-em-nova-consciencia-sobre-politica\/","title":{"rendered":"Fundador da Localiza fala em \u2018nova consci\u00eancia sobre pol\u00edtica\u2019"},"content":{"rendered":"<p>O mineiro Salim Mattar, fundador da Localiza, afirma que h\u00e1 uma \u201cpequena onda\u201d em forma\u00e7\u00e3o entre os empres\u00e1rios, que est\u00e3o mais engajados, conversando entre si \u201cnos restaurantes, nas casas de amigos\u201d. Ele diz que o governo Michel Temer \u00e9 igual ao de Dilma Rousseff do ponto de vista moral, mas ressalva que \u201ca parte mais sens\u00edvel do corpo humano \u00e9 o bolso\u201d \u2013 e, por isso, o melhor a fazer agora \u00e9 esperar as elei\u00e7\u00f5es.<\/p>\n<p><b>Por que os empres\u00e1rios est\u00e3o mais dispostos a se posicionar?<\/b><\/p>\n<p><b><\/b><\/p>\n<p>Os empres\u00e1rios fazem parte da sociedade, que se sente ludibriada e tra\u00edda. Durante os 13 anos de governo do PT, o empresariado ficou em sil\u00eancio, porque existia medo de retalia\u00e7\u00e3o. Chegou Temer, n\u00f3s colocamos f\u00e9 e nos decepcionamos.<\/p>\n<p><b>A decep\u00e7\u00e3o \u00e9 com o qu\u00ea?<\/b><\/p>\n<p>Temos no Brasil uma democracia invertida, na qual os servidores se servem da sociedade. Essa democracia foi montada pelos donos do poder, que se protegem. Almejamos novo padr\u00e3o pol\u00edtico para 2018.<\/p>\n<p><b>Temer \u00e9 mais do mesmo?<\/b><\/p>\n<p>No aspecto moral, \u00e9 o mesmo do anterior. No aspecto econ\u00f4mico, est\u00e1 fazendo bom dever de casa. Repare que a economia se descolou da pol\u00edtica.<\/p>\n<p><b>Ent\u00e3o, h\u00e1 um conformismo?<\/b><\/p>\n<p>Empres\u00e1rio, diferentemente de sindicalista, n\u00e3o faz greve, n\u00e3o interrompe avenida, n\u00e3o queima pneu. O que podemos lan\u00e7ar m\u00e3o para mudar o que est\u00e1 a\u00ed? N\u00f3s n\u00e3o vamos falar de Ex\u00e9rcito ou golpe de Estado. N\u00e3o aceitamos isso. Somos cumpridores da lei. Ent\u00e3o, temos de esperar a elei\u00e7\u00e3o.<\/p>\n<p><b>Houve apoio do empresariado ao impeachment de Dilma\u2026<\/b><\/p>\n<p>Voc\u00ea tem um pouco de raz\u00e3o. N\u00e3o se pode falar apenas de empres\u00e1rios, porque quem foi para a rua tirar a Dilma foi a sociedade. Essa sociedade tamb\u00e9m deu 50 milh\u00f5es de votos ao A\u00e9cio. Imagina como essas pessoas est\u00e3o com o que A\u00e9cio fez? N\u00e3o sab\u00edamos que ele era daquele jeito. \u00c9 decep\u00e7\u00e3o atr\u00e1s de decep\u00e7\u00e3o. A sociedade tamb\u00e9m \u00e9 pragm\u00e1tica, n\u00e3o \u00e9 s\u00f3 o empres\u00e1rio. Se tirar Temer, como vai ser? Vem Bolsonaro, Lula, Marina? Tem um ar de incerteza. E a parte mais sens\u00edvel do corpo humano ainda \u00e9 o bolso. Ent\u00e3o, o cidad\u00e3o pensa: s\u00e3o todos iguais, vou fingir que n\u00e3o estou vendo enquanto o pessoal organiza a economia que foi destru\u00edda.<\/p>\n<p><b>Os empres\u00e1rios est\u00e3o se movimentando porque precisam?<\/b><\/p>\n<p>Est\u00e3o mais ativos, conversando. O Brasil est\u00e1 nessa situa\u00e7\u00e3o porque nunca foi liberal, est\u00e1 colhendo frutos de malfadadas tentativas socializantes. Na era PT, havia uns 15 institutos liberais \u2013 hoje, h\u00e1 mais de uma centena. Brota uma nova consci\u00eancia. N\u00e3o \u00e9 que os empres\u00e1rios est\u00e3o tendo reuni\u00f5es noturnas, seitas. Eles conversam mais na sauna, nos restaurantes, com os amigos. Est\u00e1 come\u00e7ando uma pequena onda.<\/p>\n<p><b>O senhor ser\u00e1 candidato ao governo de Minas Gerais?<\/b><\/p>\n<p>N\u00e3o me preparei para deixar meus neg\u00f3cios, talvez na pr\u00f3xima. Estou h\u00e1 31 anos apoiando institutos liberais. Atua\u00e7\u00e3o p\u00fablica eu j\u00e1 tenho. Estou me preparando para, na hora oportuna, fazer minha doa\u00e7\u00e3o indo para o governo.<\/p>\n<p>Fonte: Jornal O Estado de SP<\/p>\n","protected":false},"excerpt":{"rendered":"<p>O mineiro Salim Mattar, fundador da Localiza, afirma que h\u00e1 uma \u201cpequena onda\u201d em forma\u00e7\u00e3o entre os empres\u00e1rios, que est\u00e3o mais engajados, conversando entre si&#8230;<\/p>\n","protected":false},"author":1182,"featured_media":18019,"comment_status":"closed","ping_status":"closed","sticky":false,"template":"","format":"standard","meta":{"footnotes":""},"categories":[6],"tags":[],"class_list":["post-24859","post","type-post","status-publish","format-standard","has-post-thumbnail","hentry","category-noticias"],"_links":{"self":[{"href":"https:\/\/www.sincomam.org.br\/index.php\/wp-json\/wp\/v2\/posts\/24859","targetHints":{"allow":["GET"]}}],"collection":[{"href":"https:\/\/www.sincomam.org.br\/index.php\/wp-json\/wp\/v2\/posts"}],"about":[{"href":"https:\/\/www.sincomam.org.br\/index.php\/wp-json\/wp\/v2\/types\/post"}],"author":[{"embeddable":true,"href":"https:\/\/www.sincomam.org.br\/index.php\/wp-json\/wp\/v2\/users\/1182"}],"replies":[{"embeddable":true,"href":"https:\/\/www.sincomam.org.br\/index.php\/wp-json\/wp\/v2\/comments?post=24859"}],"version-history":[{"count":1,"href":"https:\/\/www.sincomam.org.br\/index.php\/wp-json\/wp\/v2\/posts\/24859\/revisions"}],"predecessor-version":[{"id":24860,"href":"https:\/\/www.sincomam.org.br\/index.php\/wp-json\/wp\/v2\/posts\/24859\/revisions\/24860"}],"wp:featuredmedia":[{"embeddable":true,"href":"https:\/\/www.sincomam.org.br\/index.php\/wp-json\/wp\/v2\/media\/18019"}],"wp:attachment":[{"href":"https:\/\/www.sincomam.org.br\/index.php\/wp-json\/wp\/v2\/media?parent=24859"}],"wp:term":[{"taxonomy":"category","embeddable":true,"href":"https:\/\/www.sincomam.org.br\/index.php\/wp-json\/wp\/v2\/categories?post=24859"},{"taxonomy":"post_tag","embeddable":true,"href":"https:\/\/www.sincomam.org.br\/index.php\/wp-json\/wp\/v2\/tags?post=24859"}],"curies":[{"name":"wp","href":"https:\/\/api.w.org\/{rel}","templated":true}]}}