{"id":24845,"date":"2017-09-29T00:02:45","date_gmt":"2017-09-29T03:02:45","guid":{"rendered":"http:\/\/sincomam.org.br\/?p=24845"},"modified":"2017-09-28T20:10:40","modified_gmt":"2017-09-28T23:10:40","slug":"governo-afirma-que-exportacao-de-carne-para-os-eua-pode-ser-retomada-em-outubro","status":"publish","type":"post","link":"https:\/\/www.sincomam.org.br\/index.php\/governo-afirma-que-exportacao-de-carne-para-os-eua-pode-ser-retomada-em-outubro\/","title":{"rendered":"Governo afirma que exporta\u00e7\u00e3o de carne para os EUA pode ser retomada em outubro"},"content":{"rendered":"<p>As exporta\u00e7\u00f5es brasileiras de carne bovina in natura para os Estados Unidos, suspensas desde de junho, devem ser retomadas em outubro. A expectativa \u00e9 de t\u00e9cnicos do Minist\u00e9rio da Agricultura, que acompanharam inspe\u00e7\u00f5es feitas nos \u00faltimos dias por delega\u00e7\u00e3o norte-americana, em v\u00e1rios frigor\u00edficos do pa\u00eds.<\/p>\n<p>Segundo o Minist\u00e9rio da Agricultura, o fim do embargo de cortes in natura dever\u00e1 ocorrer depois que os americanos avaliarem documento enviado pelas autoridades brasileiras. Foto: Dida Sampaio\/Estad\u00e3o<\/p>\n<p>Na segunda-feira, 25, os Estados Unidos liberaram a retomada das exporta\u00e7\u00f5es de carne termoprocessada de cinco frigor\u00edficos que haviam sido embargados devido a problemas como o rompimento de embalagens.\u00a0<\/p>\n<p>As tr\u00eas unidades do frigor\u00edfico Marfrig, localizadas em S\u00e3o Gabriel (RS), Promiss\u00e3o (SP) e Paranatinga (MS); uma da JBS, localizada em Campo Grande (MS); e uma da Minerva, em Palmeiras de Goi\u00e1s (GO), principais exportadores para os EUA, tiveram as exporta\u00e7\u00f5es suspensas para evitar eventual embargo total da exporta\u00e7\u00e3o.<\/p>\n<p>De acordo com o Minist\u00e9rio da Agricultura, os produtos processados termicamente representam a maior parte da exporta\u00e7\u00e3o de carne brasileira para os norte-americanos. O Brasil possui 18 frigor\u00edficos fornecedores da mat\u00e9ria prima.<\/p>\n<p>\u201cOntem [segunda-feira] mesmo, recebemos a informa\u00e7\u00e3o de que a carne processada est\u00e1 liberada. Esperamos que, muito em breve, a gente consiga tamb\u00e9m liberar a carne in natura\u201d, disse o ministro da Agricultura Blairo Maggi, na ter\u00e7a-feira, 26, em S\u00e3o Paulo, em evento do setor.<\/p>\n<p>Segundo o Minist\u00e9rio da Agricultura, o fim do embargo de cortes in natura dever\u00e1 ocorrer depois que os americanos avaliarem documento enviado pelas autoridades brasileiras, em resposta a questionamentos feitos pela miss\u00e3o veterin\u00e1ria que esteve no Brasil no primeiro semestre deste ano.<\/p>\n<p>Fonte: Estad\u00e3o<\/p>\n<p>&nbsp;<\/p>\n<div class=\"jwDisqusForm\"><\/div>\n","protected":false},"excerpt":{"rendered":"<p>As exporta\u00e7\u00f5es brasileiras de carne bovina in natura para os Estados Unidos, suspensas desde de junho, devem ser retomadas em outubro. A expectativa \u00e9 de&#8230;<\/p>\n","protected":false},"author":1182,"featured_media":22920,"comment_status":"closed","ping_status":"closed","sticky":false,"template":"","format":"standard","meta":{"footnotes":""},"categories":[6],"tags":[],"class_list":["post-24845","post","type-post","status-publish","format-standard","has-post-thumbnail","hentry","category-noticias"],"_links":{"self":[{"href":"https:\/\/www.sincomam.org.br\/index.php\/wp-json\/wp\/v2\/posts\/24845","targetHints":{"allow":["GET"]}}],"collection":[{"href":"https:\/\/www.sincomam.org.br\/index.php\/wp-json\/wp\/v2\/posts"}],"about":[{"href":"https:\/\/www.sincomam.org.br\/index.php\/wp-json\/wp\/v2\/types\/post"}],"author":[{"embeddable":true,"href":"https:\/\/www.sincomam.org.br\/index.php\/wp-json\/wp\/v2\/users\/1182"}],"replies":[{"embeddable":true,"href":"https:\/\/www.sincomam.org.br\/index.php\/wp-json\/wp\/v2\/comments?post=24845"}],"version-history":[{"count":1,"href":"https:\/\/www.sincomam.org.br\/index.php\/wp-json\/wp\/v2\/posts\/24845\/revisions"}],"predecessor-version":[{"id":24846,"href":"https:\/\/www.sincomam.org.br\/index.php\/wp-json\/wp\/v2\/posts\/24845\/revisions\/24846"}],"wp:featuredmedia":[{"embeddable":true,"href":"https:\/\/www.sincomam.org.br\/index.php\/wp-json\/wp\/v2\/media\/22920"}],"wp:attachment":[{"href":"https:\/\/www.sincomam.org.br\/index.php\/wp-json\/wp\/v2\/media?parent=24845"}],"wp:term":[{"taxonomy":"category","embeddable":true,"href":"https:\/\/www.sincomam.org.br\/index.php\/wp-json\/wp\/v2\/categories?post=24845"},{"taxonomy":"post_tag","embeddable":true,"href":"https:\/\/www.sincomam.org.br\/index.php\/wp-json\/wp\/v2\/tags?post=24845"}],"curies":[{"name":"wp","href":"https:\/\/api.w.org\/{rel}","templated":true}]}}