{"id":24843,"date":"2017-09-29T00:00:59","date_gmt":"2017-09-29T03:00:59","guid":{"rendered":"http:\/\/sincomam.org.br\/?p=24843"},"modified":"2017-09-28T20:09:33","modified_gmt":"2017-09-28T23:09:33","slug":"safra-de-trigo-do-parana-fica-26-abaixo-do-esperado-com-clima-ruim","status":"publish","type":"post","link":"https:\/\/www.sincomam.org.br\/index.php\/safra-de-trigo-do-parana-fica-26-abaixo-do-esperado-com-clima-ruim\/","title":{"rendered":"Safra de trigo do Paran\u00e1 fica 26% abaixo do esperado com clima ruim"},"content":{"rendered":"<p>Ap\u00f3s uma s\u00e9rie de adversidades clim\u00e1ticas, incluindo geadas, estiagens e chuvas em excesso, a safra de trigo do Paran\u00e1 deste ano deve fechar quase 1 milh\u00e3o de toneladas abaixo do inicialmente projetado, segundo dados divulgados nesta quinta-feira pelo Deral (Departamento de Economia Rural do Estado).<\/p>\n<p>O Estado, principal produtor brasileiro de trigo, dever\u00e1 colher em 2016\/17 quase 2,3 milh\u00f5es de toneladas do cereal, segundo o \u00f3rg\u00e3o vinculado \u00e0 Secretaria de Agricultura paranaense. Em agosto, a estimativa era de 2,6 milh\u00f5es de toneladas e, antes dos problemas com o clima, de 3,1 milh\u00f5es de toneladas.<\/p>\n<p>Na safra 2015\/16, a produ\u00e7\u00e3o de trigo no Paran\u00e1 foi de 3,48 milh\u00f5es de toneladas, uma de suas maiores colheita.<\/p>\n<p>O Paran\u00e1 responde por boa parte da produ\u00e7\u00e3o de 5,2 milh\u00f5es de toneladas esperada em 2017 pela Conab (Companhia Nacional de Abastecimento) para todo o pa\u00eds, que importa a maior parte de suas necessidades.<\/p>\n<p>As adversidades come\u00e7aram em julho, quando fortes geadas afetaram 30% da \u00e1rea suscet\u00edvel a perdas. No in\u00edcio de agosto, a seca agravou as perdas, enquanto chuvas no come\u00e7o da colheita pioraram ainda mais a situa\u00e7\u00e3o.<\/p>\n<p>A nova estimativa do Deral leva em considera\u00e7\u00e3o uma produtividade de 2,4 mil toneladas de trigo por hectare, em uma \u00e1rea de 962 mil hectares \u2014at\u00e9 o momento, a colheita chega a 65%.\u00a0<\/p>\n<p>&nbsp;<\/p>\n<p>Fonte: Folha SP<\/p>\n","protected":false},"excerpt":{"rendered":"<p>Ap\u00f3s uma s\u00e9rie de adversidades clim\u00e1ticas, incluindo geadas, estiagens e chuvas em excesso, a safra de trigo do Paran\u00e1 deste ano deve fechar quase 1&#8230;<\/p>\n","protected":false},"author":1182,"featured_media":17907,"comment_status":"closed","ping_status":"closed","sticky":false,"template":"","format":"standard","meta":{"footnotes":""},"categories":[6],"tags":[],"class_list":["post-24843","post","type-post","status-publish","format-standard","has-post-thumbnail","hentry","category-noticias"],"_links":{"self":[{"href":"https:\/\/www.sincomam.org.br\/index.php\/wp-json\/wp\/v2\/posts\/24843","targetHints":{"allow":["GET"]}}],"collection":[{"href":"https:\/\/www.sincomam.org.br\/index.php\/wp-json\/wp\/v2\/posts"}],"about":[{"href":"https:\/\/www.sincomam.org.br\/index.php\/wp-json\/wp\/v2\/types\/post"}],"author":[{"embeddable":true,"href":"https:\/\/www.sincomam.org.br\/index.php\/wp-json\/wp\/v2\/users\/1182"}],"replies":[{"embeddable":true,"href":"https:\/\/www.sincomam.org.br\/index.php\/wp-json\/wp\/v2\/comments?post=24843"}],"version-history":[{"count":1,"href":"https:\/\/www.sincomam.org.br\/index.php\/wp-json\/wp\/v2\/posts\/24843\/revisions"}],"predecessor-version":[{"id":24844,"href":"https:\/\/www.sincomam.org.br\/index.php\/wp-json\/wp\/v2\/posts\/24843\/revisions\/24844"}],"wp:featuredmedia":[{"embeddable":true,"href":"https:\/\/www.sincomam.org.br\/index.php\/wp-json\/wp\/v2\/media\/17907"}],"wp:attachment":[{"href":"https:\/\/www.sincomam.org.br\/index.php\/wp-json\/wp\/v2\/media?parent=24843"}],"wp:term":[{"taxonomy":"category","embeddable":true,"href":"https:\/\/www.sincomam.org.br\/index.php\/wp-json\/wp\/v2\/categories?post=24843"},{"taxonomy":"post_tag","embeddable":true,"href":"https:\/\/www.sincomam.org.br\/index.php\/wp-json\/wp\/v2\/tags?post=24843"}],"curies":[{"name":"wp","href":"https:\/\/api.w.org\/{rel}","templated":true}]}}