{"id":24839,"date":"2017-09-29T00:57:48","date_gmt":"2017-09-29T03:57:48","guid":{"rendered":"http:\/\/sincomam.org.br\/?p=24839"},"modified":"2017-09-28T20:06:18","modified_gmt":"2017-09-28T23:06:18","slug":"safra-global-de-graos-1718-pode-ser-a-2a-maior-da-historia-diz-igc","status":"publish","type":"post","link":"https:\/\/www.sincomam.org.br\/index.php\/safra-global-de-graos-1718-pode-ser-a-2a-maior-da-historia-diz-igc\/","title":{"rendered":"Safra global de gr\u00e3os 17\/18 pode ser a 2\u00aa maior da hist\u00f3ria, diz IGC"},"content":{"rendered":"<p>O Conselho Internacional de Gr\u00e3os (IGC, na sigla em ingl\u00eas) elevou nesta quinta-feira sua proje\u00e7\u00e3o para a produ\u00e7\u00e3o global de gr\u00e3os em 2017\/18, com a nova safra podendo ser a segunda maior da hist\u00f3ria.<\/p>\n<p>Em um relat\u00f3rio mensal, o \u00f3rg\u00e3o intergovernamental estimou a produ\u00e7\u00e3o total de gr\u00e3os em 2,069 bilh\u00f5es de toneladas, 19 milh\u00f5es de toneladas acima da previs\u00e3o anterior e atr\u00e1s apenas do recorde de 2,133 bilh\u00f5es da safra passada.<\/p>\n<p>A produ\u00e7\u00e3o global de milho foi estimada em 1,029 bilh\u00e3o de toneladas, alta de 12 milh\u00f5es de toneladas ante sua estimativa anterior, mas ainda abaixo do recorde de 1,079 bilh\u00e3o em 2016\/17.<\/p>\n<p>O IGC disse que a melhora na perspectiva refletia principalmente revis\u00f5es para cima na Argentina e Estados Unidos.<\/p>\n<p>A produ\u00e7\u00e3o de trigo em 2017\/18 foi revista para cima em 6 milh\u00f5es de toneladas, para 748 milh\u00f5es de toneladas, impulsionada por previs\u00f5es maiores para as produ\u00e7\u00f5es de R\u00fassia, Canad\u00e1, \u00cdndia e Uni\u00e3o Europeia.<\/p>\n<p>\u201cAp\u00f3s uma enorme colheita e com restri\u00e7\u00f5es log\u00edsticas podendo limitar as exporta\u00e7\u00f5es, os estoques de trigo da R\u00fassia poderiam ser os maiores em um quarto de s\u00e9culo\u201d, disse o IGC.<\/p>\n<p>A produ\u00e7\u00e3o global de soja em 2017\/18 foi estimada em 348 milh\u00f5es de toneladas, 1 milh\u00e3o de toneladas acima da proje\u00e7\u00e3o do m\u00eas anterior, mas ainda abaixo do recorde de 2016\/17 de 351 milh\u00f5es de toneladas.<\/p>\n<p>Fonte: Reuters<\/p>\n<div class=\"jwDisqusForm\"><\/div>\n","protected":false},"excerpt":{"rendered":"<p>O Conselho Internacional de Gr\u00e3os (IGC, na sigla em ingl\u00eas) elevou nesta quinta-feira sua proje\u00e7\u00e3o para a produ\u00e7\u00e3o global de gr\u00e3os em 2017\/18, com a&#8230;<\/p>\n","protected":false},"author":1182,"featured_media":18822,"comment_status":"closed","ping_status":"closed","sticky":false,"template":"","format":"standard","meta":{"footnotes":""},"categories":[6],"tags":[],"class_list":["post-24839","post","type-post","status-publish","format-standard","has-post-thumbnail","hentry","category-noticias"],"_links":{"self":[{"href":"https:\/\/www.sincomam.org.br\/index.php\/wp-json\/wp\/v2\/posts\/24839","targetHints":{"allow":["GET"]}}],"collection":[{"href":"https:\/\/www.sincomam.org.br\/index.php\/wp-json\/wp\/v2\/posts"}],"about":[{"href":"https:\/\/www.sincomam.org.br\/index.php\/wp-json\/wp\/v2\/types\/post"}],"author":[{"embeddable":true,"href":"https:\/\/www.sincomam.org.br\/index.php\/wp-json\/wp\/v2\/users\/1182"}],"replies":[{"embeddable":true,"href":"https:\/\/www.sincomam.org.br\/index.php\/wp-json\/wp\/v2\/comments?post=24839"}],"version-history":[{"count":1,"href":"https:\/\/www.sincomam.org.br\/index.php\/wp-json\/wp\/v2\/posts\/24839\/revisions"}],"predecessor-version":[{"id":24840,"href":"https:\/\/www.sincomam.org.br\/index.php\/wp-json\/wp\/v2\/posts\/24839\/revisions\/24840"}],"wp:featuredmedia":[{"embeddable":true,"href":"https:\/\/www.sincomam.org.br\/index.php\/wp-json\/wp\/v2\/media\/18822"}],"wp:attachment":[{"href":"https:\/\/www.sincomam.org.br\/index.php\/wp-json\/wp\/v2\/media?parent=24839"}],"wp:term":[{"taxonomy":"category","embeddable":true,"href":"https:\/\/www.sincomam.org.br\/index.php\/wp-json\/wp\/v2\/categories?post=24839"},{"taxonomy":"post_tag","embeddable":true,"href":"https:\/\/www.sincomam.org.br\/index.php\/wp-json\/wp\/v2\/tags?post=24839"}],"curies":[{"name":"wp","href":"https:\/\/api.w.org\/{rel}","templated":true}]}}