{"id":24817,"date":"2017-09-27T00:51:46","date_gmt":"2017-09-27T03:51:46","guid":{"rendered":"http:\/\/sincomam.org.br\/?p=24817"},"modified":"2017-09-26T09:52:55","modified_gmt":"2017-09-26T12:52:55","slug":"siemens-deve-anunciar-escolha-da-alstom-para-fusao","status":"publish","type":"post","link":"https:\/\/www.sincomam.org.br\/index.php\/siemens-deve-anunciar-escolha-da-alstom-para-fusao\/","title":{"rendered":"Siemens deve anunciar escolha da Alstom para fus\u00e3o"},"content":{"rendered":"<p>O grupo industrial alem\u00e3o Siemens deve decidir buscar uma fus\u00e3o com a rival francesa Alstom em vez da canadense Bombardier, disseram \u00e0 Reuters duas pessoas familiarizadas com o assunto.<\/p>\n<p>\u201cEu acho que a Alstom vai conseguir\u201d, disse uma das fontes nesta segunda-feira. A outra pessoa afirmou que o conselho de supervis\u00e3o da Siemens decidir\u00e1 a quest\u00e3o na ter\u00e7a-feira, descrevendo a Alstom como l\u00edder na disputa.<\/p>\n<p>A Siemens deve deter apenas pouco mais de 50 por cento das a\u00e7\u00f5es na joint venture planejada, e o presidente-executivo da empresa combinada deve ser da Alstom.<\/p>\n<p>O porta-voz da Siemens se recusou a comentar sobre a poss\u00edvel fus\u00e3o que criaria um neg\u00f3cio com vendas combinadas de quase 15 bilh\u00f5es de euros.<\/p>\n<p>A Alstom n\u00e3o estava imediatamente dispon\u00edvel para coment\u00e1rio.<\/p>\n<p>A decis\u00e3o seria um rev\u00e9s para a fabricante canadense de trens e aeronaves Bombardier, que enfrenta nesta semana uma outra batalha para proteger empregos em Quebec e na Irlanda do Norte em meio a uma disputa de subs\u00eddios com a Boeing.<\/p>\n<p>As a\u00e7\u00f5es da Bombardier ca\u00edram acentuadamente na sexta-feira, ap\u00f3s not\u00edcia de que a Siemens estava em conversas avan\u00e7adas com a Alstom.<\/p>\n<p>J\u00e1 os pap\u00e9is da Siemens subiam cerca de 0,4 por cento nesta segunda-feira, enquanto os da Alstom avan\u00e7avam 0,7 por cento.<\/p>\n<p>Fonte: Reuters<\/p>\n<div class=\"jwDisqusForm\"><\/div>\n","protected":false},"excerpt":{"rendered":"<p>O grupo industrial alem\u00e3o Siemens deve decidir buscar uma fus\u00e3o com a rival francesa Alstom em vez da canadense Bombardier, disseram \u00e0 Reuters duas pessoas&#8230;<\/p>\n","protected":false},"author":1182,"featured_media":23926,"comment_status":"closed","ping_status":"closed","sticky":false,"template":"","format":"standard","meta":{"footnotes":""},"categories":[6],"tags":[],"class_list":["post-24817","post","type-post","status-publish","format-standard","has-post-thumbnail","hentry","category-noticias"],"_links":{"self":[{"href":"https:\/\/www.sincomam.org.br\/index.php\/wp-json\/wp\/v2\/posts\/24817","targetHints":{"allow":["GET"]}}],"collection":[{"href":"https:\/\/www.sincomam.org.br\/index.php\/wp-json\/wp\/v2\/posts"}],"about":[{"href":"https:\/\/www.sincomam.org.br\/index.php\/wp-json\/wp\/v2\/types\/post"}],"author":[{"embeddable":true,"href":"https:\/\/www.sincomam.org.br\/index.php\/wp-json\/wp\/v2\/users\/1182"}],"replies":[{"embeddable":true,"href":"https:\/\/www.sincomam.org.br\/index.php\/wp-json\/wp\/v2\/comments?post=24817"}],"version-history":[{"count":1,"href":"https:\/\/www.sincomam.org.br\/index.php\/wp-json\/wp\/v2\/posts\/24817\/revisions"}],"predecessor-version":[{"id":24818,"href":"https:\/\/www.sincomam.org.br\/index.php\/wp-json\/wp\/v2\/posts\/24817\/revisions\/24818"}],"wp:featuredmedia":[{"embeddable":true,"href":"https:\/\/www.sincomam.org.br\/index.php\/wp-json\/wp\/v2\/media\/23926"}],"wp:attachment":[{"href":"https:\/\/www.sincomam.org.br\/index.php\/wp-json\/wp\/v2\/media?parent=24817"}],"wp:term":[{"taxonomy":"category","embeddable":true,"href":"https:\/\/www.sincomam.org.br\/index.php\/wp-json\/wp\/v2\/categories?post=24817"},{"taxonomy":"post_tag","embeddable":true,"href":"https:\/\/www.sincomam.org.br\/index.php\/wp-json\/wp\/v2\/tags?post=24817"}],"curies":[{"name":"wp","href":"https:\/\/api.w.org\/{rel}","templated":true}]}}