{"id":24811,"date":"2017-09-27T00:39:03","date_gmt":"2017-09-27T03:39:03","guid":{"rendered":"http:\/\/sincomam.org.br\/?p=24811"},"modified":"2017-09-26T09:46:05","modified_gmt":"2017-09-26T12:46:05","slug":"rj-anuncia-criacao-de-fundo-de-seguranca-com-royalties-do-pre-sal","status":"publish","type":"post","link":"https:\/\/www.sincomam.org.br\/index.php\/rj-anuncia-criacao-de-fundo-de-seguranca-com-royalties-do-pre-sal\/","title":{"rendered":"RJ anuncia cria\u00e7\u00e3o de Fundo de Seguran\u00e7a com royalties do pr\u00e9-sal"},"content":{"rendered":"<p>O governador do Rio de Janeiro, Luiz Fernando Pez\u00e3o, anunciou neste domingo a cria\u00e7\u00e3o do Fundo de Seguran\u00e7a, que ter\u00e1 recursos da arrecada\u00e7\u00e3o de royalties do pr\u00e9-sal. O projeto de lei com a proposta ser\u00e1 enviado esta semana \u00e0 Assembleia Legislativa do Estado do Rio de Janeiro (Alerj).<\/p>\n<p>&#8220;Dos 10% [de royalties] que v\u00e3o para o Fundo de Conserva\u00e7\u00e3o Ambiental (Fecam), vamos repassar 5% para a seguran\u00e7a p\u00fablica e garantir a integra\u00e7\u00e3o com a prefeitura nas opera\u00e7\u00f5es Seguran\u00e7a Presente e a melhora das condi\u00e7\u00f5es de trabalho das pol\u00edcias Militar e Civil&#8221;, disse Pez\u00e3o.<\/p>\n<p>Segundo estimativas do governador, mantida a produ\u00e7\u00e3o atual, e somada a produ\u00e7\u00e3o do pr\u00e9-sal, o fundo dever\u00e1 ter R$ 197 milh\u00f5es para a \u00e1rea de seguran\u00e7a<\/p>\n<p>De acordo com o governador, o fundo tamb\u00e9m poder\u00e1 receber aportes da iniciativa privada para apoiar a\u00e7\u00f5es de seguran\u00e7a p\u00fablica no Estado. &#8220;Al\u00e9m disso, o projeto vai permitir melhorar o programa das UPPs [Unidades de Pol\u00edcia Pacificadora], inclusive disponibilizando recursos para a\u00e7\u00f5es sociais nas comunidades&#8221;, disse.<\/p>\n<p>Pez\u00e3o anunciou a cria\u00e7\u00e3o do fundo durante entrevista coletiva de lan\u00e7amento do calend\u00e1rio tur\u00edstico do Rio de Janeiro.<\/p>\n<p>Rocinha<\/p>\n<p>Durante a solenidade, que ocorreu no Parque Ol\u00edmpico, na Barra da Tijuca, palco do Rock in Rio, Pez\u00e3o disse que as for\u00e7as estaduais de seguran\u00e7a permanecer\u00e3o na favela &#8220;por tempo indeterminado&#8221;.<\/p>\n<p>O governador voltou a destacar a integra\u00e7\u00e3o das for\u00e7as estaduais e federais no combate \u00e0 criminalidade no estado. O refor\u00e7o das For\u00e7as Armadas se deu em raz\u00e3o do recrudescimento dos confrontos na favela desde o \u00faltimo domingo.<\/p>\n<p>O governador disse, ainda, que conversou na noite de ontem com o presidente Michel Temer, que reiterou que as for\u00e7as federais est\u00e3o \u00e0 disposi\u00e7\u00e3o do estado at\u00e9 o fim de 2018. &#8220;A PM, com unidades como o Batalh\u00e3o de Opera\u00e7\u00f5es Policiais Especiais (Bope), o Choque e o Batalh\u00e3o de A\u00e7\u00f5es com C\u00e3es (BAC), fica na Rocinha pelo tempo que for necess\u00e1rio para continuarmos com o nosso trabalho de apreens\u00e3o de drogas e armas e pris\u00f5es.&#8221;<\/p>\n<p>Segundo Pez\u00e3o, a integra\u00e7\u00e3o com as For\u00e7as Armadas \u00e9 uma parceria &#8220;que vai aprimorar ainda mais o trabalho que est\u00e1 sendo feito na Rocinha, e os resultados j\u00e1 s\u00e3o vis\u00edveis, com a apreens\u00e3o de mais de 10 fuzis e de muni\u00e7\u00f5es e pris\u00f5es em dois dias de opera\u00e7\u00f5es&#8221;.<\/p>\n<p>Fonte: Valor<\/p>\n","protected":false},"excerpt":{"rendered":"<p>O governador do Rio de Janeiro, Luiz Fernando Pez\u00e3o, anunciou neste domingo a cria\u00e7\u00e3o do Fundo de Seguran\u00e7a, que ter\u00e1 recursos da arrecada\u00e7\u00e3o de royalties&#8230;<\/p>\n","protected":false},"author":1182,"featured_media":6839,"comment_status":"closed","ping_status":"closed","sticky":false,"template":"","format":"standard","meta":{"footnotes":""},"categories":[6],"tags":[],"class_list":["post-24811","post","type-post","status-publish","format-standard","has-post-thumbnail","hentry","category-noticias"],"_links":{"self":[{"href":"https:\/\/www.sincomam.org.br\/index.php\/wp-json\/wp\/v2\/posts\/24811","targetHints":{"allow":["GET"]}}],"collection":[{"href":"https:\/\/www.sincomam.org.br\/index.php\/wp-json\/wp\/v2\/posts"}],"about":[{"href":"https:\/\/www.sincomam.org.br\/index.php\/wp-json\/wp\/v2\/types\/post"}],"author":[{"embeddable":true,"href":"https:\/\/www.sincomam.org.br\/index.php\/wp-json\/wp\/v2\/users\/1182"}],"replies":[{"embeddable":true,"href":"https:\/\/www.sincomam.org.br\/index.php\/wp-json\/wp\/v2\/comments?post=24811"}],"version-history":[{"count":1,"href":"https:\/\/www.sincomam.org.br\/index.php\/wp-json\/wp\/v2\/posts\/24811\/revisions"}],"predecessor-version":[{"id":24812,"href":"https:\/\/www.sincomam.org.br\/index.php\/wp-json\/wp\/v2\/posts\/24811\/revisions\/24812"}],"wp:featuredmedia":[{"embeddable":true,"href":"https:\/\/www.sincomam.org.br\/index.php\/wp-json\/wp\/v2\/media\/6839"}],"wp:attachment":[{"href":"https:\/\/www.sincomam.org.br\/index.php\/wp-json\/wp\/v2\/media?parent=24811"}],"wp:term":[{"taxonomy":"category","embeddable":true,"href":"https:\/\/www.sincomam.org.br\/index.php\/wp-json\/wp\/v2\/categories?post=24811"},{"taxonomy":"post_tag","embeddable":true,"href":"https:\/\/www.sincomam.org.br\/index.php\/wp-json\/wp\/v2\/tags?post=24811"}],"curies":[{"name":"wp","href":"https:\/\/api.w.org\/{rel}","templated":true}]}}