{"id":24805,"date":"2017-09-26T00:47:20","date_gmt":"2017-09-26T03:47:20","guid":{"rendered":"http:\/\/sincomam.org.br\/?p=24805"},"modified":"2017-09-26T09:01:18","modified_gmt":"2017-09-26T12:01:18","slug":"ongs-farao-protesto-contra-14a-rodada-licitacoes-da-anp-nesta-terca","status":"publish","type":"post","link":"https:\/\/www.sincomam.org.br\/index.php\/ongs-farao-protesto-contra-14a-rodada-licitacoes-da-anp-nesta-terca\/","title":{"rendered":"ONGs far\u00e3o protesto contra 14\u00aa Rodada licita\u00e7\u00f5es da ANP nesta ter\u00e7a"},"content":{"rendered":"<p>As organiza\u00e7\u00f5es n\u00e3o governamentais (ONGs) 350.Org e Coaliza\u00e7\u00e3o N\u00e3o Fracking Brasil pelo Clima, \u00c1gua e Vida (Coesus) est\u00e3o organizando uma manifesta\u00e7\u00e3o contra a 14\u00aa Rodada de licita\u00e7\u00f5es de blocos explorat\u00f3rios da Ag\u00eancia Nacional do Petr\u00f3leo, G\u00e1s Natural e Biocombust\u00edveis (ANP). O protesto ser\u00e1 realizado nesta ter\u00e7a-feira (26), v\u00e9spera do leil\u00e3o, na praia da Barra, em frente ao hotel onde ocorrer\u00e1 a licita\u00e7\u00e3o.<\/p>\n<p>As entidades v\u00e3o colocar cruzes negras na areia, simbolizando as pessoas afetadas pelos projetos ligados a combust\u00edveis f\u00f3sseis em todo o pa\u00eds. Tamb\u00e9m ser\u00e3o utilizados banners gigantes com mensagens em defesa de um futuro sustent\u00e1vel, limpo e renov\u00e1vel.<\/p>\n<p>Al\u00e9m disso, cerca de 150 ativistas, entre eles lideran\u00e7as ind\u00edgenas, pescadores, agricultores e representantes de movimentos sociais e religiosos, estar\u00e3o presentes ao leil\u00e3o para protestar contra a realiza\u00e7\u00e3o dos neg\u00f3cios.<\/p>\n<p>Segundo as entidades, a campanha contr\u00e1ria ao leil\u00e3o \u00e9 apoiada por personalidades nacionais e internacionais, como os atores Mark Ruffallo, Maggie Gyllenhaal e Peter Sarsgaard, o cineasta argentino Pino Solanas e o Pr\u00eamio Nobel da Paz Adolfo P\u00e9rez Esquivel.<\/p>\n<p>Fonte: Valor<\/p>\n","protected":false},"excerpt":{"rendered":"<p>As organiza\u00e7\u00f5es n\u00e3o governamentais (ONGs) 350.Org e Coaliza\u00e7\u00e3o N\u00e3o Fracking Brasil pelo Clima, \u00c1gua e Vida (Coesus) est\u00e3o organizando uma manifesta\u00e7\u00e3o contra a 14\u00aa Rodada&#8230;<\/p>\n","protected":false},"author":1182,"featured_media":21010,"comment_status":"closed","ping_status":"closed","sticky":false,"template":"","format":"standard","meta":{"footnotes":""},"categories":[6],"tags":[],"class_list":["post-24805","post","type-post","status-publish","format-standard","has-post-thumbnail","hentry","category-noticias"],"_links":{"self":[{"href":"https:\/\/www.sincomam.org.br\/index.php\/wp-json\/wp\/v2\/posts\/24805","targetHints":{"allow":["GET"]}}],"collection":[{"href":"https:\/\/www.sincomam.org.br\/index.php\/wp-json\/wp\/v2\/posts"}],"about":[{"href":"https:\/\/www.sincomam.org.br\/index.php\/wp-json\/wp\/v2\/types\/post"}],"author":[{"embeddable":true,"href":"https:\/\/www.sincomam.org.br\/index.php\/wp-json\/wp\/v2\/users\/1182"}],"replies":[{"embeddable":true,"href":"https:\/\/www.sincomam.org.br\/index.php\/wp-json\/wp\/v2\/comments?post=24805"}],"version-history":[{"count":1,"href":"https:\/\/www.sincomam.org.br\/index.php\/wp-json\/wp\/v2\/posts\/24805\/revisions"}],"predecessor-version":[{"id":24806,"href":"https:\/\/www.sincomam.org.br\/index.php\/wp-json\/wp\/v2\/posts\/24805\/revisions\/24806"}],"wp:featuredmedia":[{"embeddable":true,"href":"https:\/\/www.sincomam.org.br\/index.php\/wp-json\/wp\/v2\/media\/21010"}],"wp:attachment":[{"href":"https:\/\/www.sincomam.org.br\/index.php\/wp-json\/wp\/v2\/media?parent=24805"}],"wp:term":[{"taxonomy":"category","embeddable":true,"href":"https:\/\/www.sincomam.org.br\/index.php\/wp-json\/wp\/v2\/categories?post=24805"},{"taxonomy":"post_tag","embeddable":true,"href":"https:\/\/www.sincomam.org.br\/index.php\/wp-json\/wp\/v2\/tags?post=24805"}],"curies":[{"name":"wp","href":"https:\/\/api.w.org\/{rel}","templated":true}]}}