{"id":24789,"date":"2017-09-26T00:00:57","date_gmt":"2017-09-26T03:00:57","guid":{"rendered":"http:\/\/www.sincomam.org.br\/?p=24789"},"modified":"2017-09-26T09:36:59","modified_gmt":"2017-09-26T12:36:59","slug":"petrobras-vai-analisar-reconducao-de-elek","status":"publish","type":"post","link":"https:\/\/www.sincomam.org.br\/index.php\/petrobras-vai-analisar-reconducao-de-elek\/","title":{"rendered":"Petrobras vai analisar recondu\u00e7\u00e3o de Elek"},"content":{"rendered":"<p>O conselho de administra\u00e7\u00e3o da Petrobras pretende analisar a recondu\u00e7\u00e3o de Jo\u00e3o Elek Filho para a diretoria de governan\u00e7a e conformidade da companhia, assim que a empresa for comunicada oficialmente da decis\u00e3o da Comiss\u00e3o de \u00c9tica P\u00fablica da presid\u00eancia da Rep\u00fablica, que reviu a advert\u00eancia aplicada ao executivo no fim de agosto e arquivou o processo.<\/p>\n<p>&#8220;A pronta delibera\u00e7\u00e3o da Comiss\u00e3o de \u00c9tica P\u00fablica \u00e9 muito bem-vinda e permitir\u00e1 que o conselho de administra\u00e7\u00e3o volte a avaliar o assunto t\u00e3o logo a empresa seja comunicada oficialmente e conhe\u00e7a o inteiro teor da decis\u00e3o&#8221;, informou a Petrobras, em nota ao Valor.<\/p>\n<p>Em reuni\u00e3o na segunda-feira, a CEP decidiu, por maioria de quatro votos a dois, acatar o pedido de reconsidera\u00e7\u00e3o feito por Elek Filho, para arquivar a den\u00fancia e tornar sem efeito a advert\u00eancia aplicada anteriormente.<\/p>\n<p>O diretor havia sido temporariamente afastado do cargo pelo conselho da Petrobras, ap\u00f3s a CEP ter aplicado advert\u00eancia ao executivo, por ter autorizado, no fim de 2015, a contrata\u00e7\u00e3o, sem licita\u00e7\u00e3o, da Deloitte, consultoria em que a filha de Elek participava de um processo de disputa por uma vaga de emprego.<\/p>\n<p>De acordo com informa\u00e7\u00f5es da Petrobras, a filha de Elek foi contratada pela Deloitte para posi\u00e7\u00e3o iniciante por meio de processo seletivo competitivo que durou de setembro de 2015 a mar\u00e7o de 2016. No mesmo m\u00eas de mar\u00e7o, o pr\u00f3prio diretor comunicou \u00e0 comiss\u00e3o de \u00e9tica da Petrobras que sua filha havia sido contratada.<\/p>\n<p>Elek ocupava a diretoria de governan\u00e7a e conformidade desde fevereiro de 2015 e era o membro mais longevo da atual diretoria da estatal. Entre suas atribui\u00e7\u00f5es estava a decis\u00e3o sobre a inclus\u00e3o ou retirada de empresas da lista de bloqueio cautelar imposta pela petroleira no fim de 2014 \u00e0s companhias citadas na Lava-Jato.<\/p>\n<p>O mandato de Elek termina em 2018, mas pode ser renovado. Ele \u00e9 o \u00fanico diretor com cargo &#8220;blindado&#8221; na Petrobras &#8211; s\u00f3 pode ser destitu\u00eddo com aprova\u00e7\u00e3o do conselho de administra\u00e7\u00e3o.<\/p>\n<p>Fonte: Valor<\/p>\n","protected":false},"excerpt":{"rendered":"<p>O conselho de administra\u00e7\u00e3o da Petrobras pretende analisar a recondu\u00e7\u00e3o de Jo\u00e3o Elek Filho para a diretoria de governan\u00e7a e conformidade da companhia, assim que&#8230;<\/p>\n","protected":false},"author":1182,"featured_media":20996,"comment_status":"closed","ping_status":"closed","sticky":false,"template":"","format":"standard","meta":{"footnotes":""},"categories":[6],"tags":[],"class_list":["post-24789","post","type-post","status-publish","format-standard","has-post-thumbnail","hentry","category-noticias"],"_links":{"self":[{"href":"https:\/\/www.sincomam.org.br\/index.php\/wp-json\/wp\/v2\/posts\/24789","targetHints":{"allow":["GET"]}}],"collection":[{"href":"https:\/\/www.sincomam.org.br\/index.php\/wp-json\/wp\/v2\/posts"}],"about":[{"href":"https:\/\/www.sincomam.org.br\/index.php\/wp-json\/wp\/v2\/types\/post"}],"author":[{"embeddable":true,"href":"https:\/\/www.sincomam.org.br\/index.php\/wp-json\/wp\/v2\/users\/1182"}],"replies":[{"embeddable":true,"href":"https:\/\/www.sincomam.org.br\/index.php\/wp-json\/wp\/v2\/comments?post=24789"}],"version-history":[{"count":1,"href":"https:\/\/www.sincomam.org.br\/index.php\/wp-json\/wp\/v2\/posts\/24789\/revisions"}],"predecessor-version":[{"id":24790,"href":"https:\/\/www.sincomam.org.br\/index.php\/wp-json\/wp\/v2\/posts\/24789\/revisions\/24790"}],"wp:featuredmedia":[{"embeddable":true,"href":"https:\/\/www.sincomam.org.br\/index.php\/wp-json\/wp\/v2\/media\/20996"}],"wp:attachment":[{"href":"https:\/\/www.sincomam.org.br\/index.php\/wp-json\/wp\/v2\/media?parent=24789"}],"wp:term":[{"taxonomy":"category","embeddable":true,"href":"https:\/\/www.sincomam.org.br\/index.php\/wp-json\/wp\/v2\/categories?post=24789"},{"taxonomy":"post_tag","embeddable":true,"href":"https:\/\/www.sincomam.org.br\/index.php\/wp-json\/wp\/v2\/tags?post=24789"}],"curies":[{"name":"wp","href":"https:\/\/api.w.org\/{rel}","templated":true}]}}