{"id":24783,"date":"2017-09-25T00:26:34","date_gmt":"2017-09-25T03:26:34","guid":{"rendered":"http:\/\/www.sincomam.org.br\/?p=24783"},"modified":"2017-09-24T09:27:37","modified_gmt":"2017-09-24T12:27:37","slug":"pre-sal-e-onde-todo-mundo-quer-estar-diz-presidente-da-shell-no-brasil","status":"publish","type":"post","link":"https:\/\/www.sincomam.org.br\/index.php\/pre-sal-e-onde-todo-mundo-quer-estar-diz-presidente-da-shell-no-brasil\/","title":{"rendered":"&#8220;Pr\u00e9-sal \u00e9 onde todo mundo quer estar&#8221;, diz presidente da Shell no Brasil"},"content":{"rendered":"<p>O pr\u00e9-sal brasileiro &#8220;\u00e9 o lugar onde todo mundo quer estar&#8221;, afirmou ontem o presidente da Shell no Brasil, Andr\u00e9 Ara\u00fajo. Apesar do entusiasmo, o executivo afirmou, no entanto, que n\u00e3o h\u00e1 um carimbo de qualidade v\u00e1lido para toda a \u00e1rea, numa demonstra\u00e7\u00e3o de que a empresa tem na manga diferentes apostas para os blocos que ser\u00e3o oferecidos nos leil\u00f5es de outubro.<\/p>\n<p>Durante a conversa, Ara\u00fajo repetiu enfaticamente as palavras oportunidade e competitividade ao tratar dos planos para o Brasil. Ele defende, por exemplo, que a plataforma que produzir\u00e1 o primeiro \u00f3leo de Libra, no pr\u00e9-sal da Bacia de Santos, seja contratada ainda este ano, apesar da contesta\u00e7\u00e3o na Justi\u00e7a dos estaleiros nacionais, que acusam o cons\u00f3rcio respons\u00e1vel pela \u00e1rea de descumprir os compromissos de contrato de aquisi\u00e7\u00e3o local.<\/p>\n<p>Ara\u00fajo disse ainda que &#8220;seria bom&#8221; se a Shell levasse a \u00e1rea cont\u00edgua a Gato do Mato no pr\u00f3ximo leil\u00e3o. A primeira fase do projeto foi adquirida pela empresa em regime de concess\u00e3o, mas, desde a descoberta de que o reservat\u00f3rio excede os limites concedidos, o projeto est\u00e1 parado. Por fim, a continua\u00e7\u00e3o de Gato do Mato foi inclu\u00edda no leil\u00e3o de pr\u00e9-sal de outubro e o mercado, agora, aposta na Shell como principal interessada no ativo.<\/p>\n<p>Fonte: \u00c9poca Neg\u00f3cios<\/p>\n","protected":false},"excerpt":{"rendered":"<p>O pr\u00e9-sal brasileiro &#8220;\u00e9 o lugar onde todo mundo quer estar&#8221;, afirmou ontem o presidente da Shell no Brasil, Andr\u00e9 Ara\u00fajo. Apesar do entusiasmo, o&#8230;<\/p>\n","protected":false},"author":1182,"featured_media":18517,"comment_status":"closed","ping_status":"closed","sticky":false,"template":"","format":"standard","meta":{"footnotes":""},"categories":[6],"tags":[],"class_list":["post-24783","post","type-post","status-publish","format-standard","has-post-thumbnail","hentry","category-noticias"],"_links":{"self":[{"href":"https:\/\/www.sincomam.org.br\/index.php\/wp-json\/wp\/v2\/posts\/24783","targetHints":{"allow":["GET"]}}],"collection":[{"href":"https:\/\/www.sincomam.org.br\/index.php\/wp-json\/wp\/v2\/posts"}],"about":[{"href":"https:\/\/www.sincomam.org.br\/index.php\/wp-json\/wp\/v2\/types\/post"}],"author":[{"embeddable":true,"href":"https:\/\/www.sincomam.org.br\/index.php\/wp-json\/wp\/v2\/users\/1182"}],"replies":[{"embeddable":true,"href":"https:\/\/www.sincomam.org.br\/index.php\/wp-json\/wp\/v2\/comments?post=24783"}],"version-history":[{"count":1,"href":"https:\/\/www.sincomam.org.br\/index.php\/wp-json\/wp\/v2\/posts\/24783\/revisions"}],"predecessor-version":[{"id":24784,"href":"https:\/\/www.sincomam.org.br\/index.php\/wp-json\/wp\/v2\/posts\/24783\/revisions\/24784"}],"wp:featuredmedia":[{"embeddable":true,"href":"https:\/\/www.sincomam.org.br\/index.php\/wp-json\/wp\/v2\/media\/18517"}],"wp:attachment":[{"href":"https:\/\/www.sincomam.org.br\/index.php\/wp-json\/wp\/v2\/media?parent=24783"}],"wp:term":[{"taxonomy":"category","embeddable":true,"href":"https:\/\/www.sincomam.org.br\/index.php\/wp-json\/wp\/v2\/categories?post=24783"},{"taxonomy":"post_tag","embeddable":true,"href":"https:\/\/www.sincomam.org.br\/index.php\/wp-json\/wp\/v2\/tags?post=24783"}],"curies":[{"name":"wp","href":"https:\/\/api.w.org\/{rel}","templated":true}]}}